{"id":6006,"date":"2018-12-19T14:28:10","date_gmt":"2018-12-19T14:28:10","guid":{"rendered":"http:\/\/www.emco.mil.cl\/?p=4254"},"modified":"2021-09-28T14:25:16","modified_gmt":"2021-09-28T17:25:16","slug":"coordinacion-ante-eventuales-incendios-forestales-2","status":"publish","type":"post","link":"https:\/\/www.emco.mil.cl\/index.php\/2018\/12\/19\/coordinacion-ante-eventuales-incendios-forestales-2\/","title":{"rendered":"Coordinaci\u00f3n ante eventuales incendios forestales"},"content":{"rendered":"<p>La ma\u00f1ana del 18 de diciembre, en el Sal\u00f3n Carrera del Ministerio de Defensa Nacional, se llev\u00f3 a cabo una reuni\u00f3n de coordinaci\u00f3n para enfrentar los eventuales incendios forestales en temporada de verano entre el Ministerio de Defensa, ONEMI y CONAF.<\/p>\n<p>La actividad la presidi\u00f3 el Ministro de Defensa Nacional Alberto Espina, junto al Jefe del Estado Mayor Conjunto, Vicealmirante Rodrigo \u00c1lvarez, y el Subsecretario para las Fuerzas Armadas, Juan Francisco Galli, donde tambi\u00e9n participaron el Director de la Oficina Nacional de Emergencia del Ministerio del Interior (ONEMI), Ricardo Toro, el Director de Operaciones y Conducci\u00f3n Conjunta (DOPCON) Comodoro Pablo Niemann y representantes de la Corporaci\u00f3n Nacional Forestal (CONAF).<\/p>\n<p><a href=\"https:\/\/www.emco.mil.cl\/wp-content\/uploads\/2-50.jpg\"><img fetchpriority=\"high\" decoding=\"async\" class=\"aligncenter size-full wp-image-4256\" src=\"https:\/\/www.emco.mil.cl\/wp-content\/uploads\/2-50.jpg\" alt=\"2\" width=\"620\" height=\"413\"><\/a><\/p>\n<p>La reuni\u00f3n tuvo como objetivo informar al Ministro del proceso de canalizaci\u00f3n de la informaci\u00f3n, respecto a los requerimientos de apoyo de las Fuerzas Armadas al Sistema Nacional de Protecci\u00f3n Civil (SNPC) en casos de incendios forestales durante la \u00e9poca estival.<\/p>\n<p>CONAF expuso sobre el estado de situaci\u00f3n de los incendios a la fecha, en comparaci\u00f3n con el a\u00f1o pasado, y sobre el nuevo esquema para combatir los incendios y la disponibilidad de medios a\u00e9reos.<\/p>\n<p>El Director de ONEMI habl\u00f3 sobre el procedimiento de solicitud de apoyo a las FF.AA., tanto a nivel regional como nacional.<\/p>\n<p>Y el Estado Mayor Conjunto, a trav\u00e9s de la DOPCON present\u00f3 sobre c\u00f3mo se integran las Fuerzas Armadas al SNPC y la disponibilidad de Brigadas de Refuerzo de Incendios Forestales del Ej\u00e9rcito (BRIFEs), de Brigadas de Incendio de la Armada (BRIFAR) y helic\u00f3pteros, a la fecha.<\/p>\n<p><a href=\"https:\/\/www.emco.mil.cl\/wp-content\/uploads\/1-50.jpg\"><img decoding=\"async\" class=\"aligncenter size-full wp-image-4255\" src=\"https:\/\/www.emco.mil.cl\/wp-content\/uploads\/1-50.jpg\" alt=\"1\" width=\"620\" height=\"413\"><\/a><\/p>\n<p>Al cierre de la reuni\u00f3n, el Ministro Espina solicit\u00f3 al EMCO una planificaci\u00f3n de las actividades preventivas con medios de las FF.AA. en apoyo al combate de incendios forestales.<\/p>\n","protected":false},"excerpt":{"rendered":"<p>La ma\u00f1ana del 18 de diciembre, en el Sal\u00f3n Carrera del Ministerio de Defensa Nacional, se llev\u00f3 a cabo una reuni\u00f3n de coordinaci\u00f3n para enfrentar los eventuales incendios forestales en temporada de verano entre el Ministerio de Defensa, ONEMI y CONAF. La actividad la presidi\u00f3 el Ministro de Defensa Nacional Alberto Espina, junto al Jefe&#8230;<\/p>\n","protected":false},"author":6,"featured_media":5823,"comment_status":"closed","ping_status":"closed","sticky":false,"template":"","format":"standard","meta":{"_kad_post_transparent":"","_kad_post_title":"","_kad_post_layout":"","_kad_post_sidebar_id":"","_kad_post_content_style":"","_kad_post_vertical_padding":"","_kad_post_feature":"","_kad_post_feature_position":"","_kad_post_header":false,"_kad_post_footer":false,"footnotes":""},"categories":[17,3],"tags":[],"class_list":["post-6006","post","type-post","status-publish","format-standard","has-post-thumbnail","hentry","category-17","category-noticias"],"_links":{"self":[{"href":"https:\/\/www.emco.mil.cl\/index.php\/wp-json\/wp\/v2\/posts\/6006","targetHints":{"allow":["GET"]}}],"collection":[{"href":"https:\/\/www.emco.mil.cl\/index.php\/wp-json\/wp\/v2\/posts"}],"about":[{"href":"https:\/\/www.emco.mil.cl\/index.php\/wp-json\/wp\/v2\/types\/post"}],"author":[{"embeddable":true,"href":"https:\/\/www.emco.mil.cl\/index.php\/wp-json\/wp\/v2\/users\/6"}],"replies":[{"embeddable":true,"href":"https:\/\/www.emco.mil.cl\/index.php\/wp-json\/wp\/v2\/comments?post=6006"}],"version-history":[{"count":1,"href":"https:\/\/www.emco.mil.cl\/index.php\/wp-json\/wp\/v2\/posts\/6006\/revisions"}],"predecessor-version":[{"id":6014,"href":"https:\/\/www.emco.mil.cl\/index.php\/wp-json\/wp\/v2\/posts\/6006\/revisions\/6014"}],"wp:featuredmedia":[{"embeddable":true,"href":"https:\/\/www.emco.mil.cl\/index.php\/wp-json\/wp\/v2\/media\/5823"}],"wp:attachment":[{"href":"https:\/\/www.emco.mil.cl\/index.php\/wp-json\/wp\/v2\/media?parent=6006"}],"wp:term":[{"taxonomy":"category","embeddable":true,"href":"https:\/\/www.emco.mil.cl\/index.php\/wp-json\/wp\/v2\/categories?post=6006"},{"taxonomy":"post_tag","embeddable":true,"href":"https:\/\/www.emco.mil.cl\/index.php\/wp-json\/wp\/v2\/tags?post=6006"}],"curies":[{"name":"wp","href":"https:\/\/api.w.org\/{rel}","templated":true}]}}