{"id":5381,"date":"2020-03-30T19:17:07","date_gmt":"2020-03-30T22:17:07","guid":{"rendered":"https:\/\/www.emco.mil.cl\/?p=5381"},"modified":"2021-09-28T10:45:43","modified_gmt":"2021-09-28T13:45:43","slug":"trabajo-en-conjunto-de-las-fuerzas-armadas-en-tiempos-de-catastrofe-covid-19","status":"publish","type":"post","link":"https:\/\/www.emco.mil.cl\/index.php\/2020\/03\/30\/trabajo-en-conjunto-de-las-fuerzas-armadas-en-tiempos-de-catastrofe-covid-19\/","title":{"rendered":"Trabajo en conjunto de las Fuerzas Armadas en tiempos de Cat\u00e1strofe COVID &#8211; 19"},"content":{"rendered":"<p><span style=\"font-size: 10pt; color: #000000;\">A contar de la entrada en vigencia del Estado de Excepci\u00f3n Constitucional de Cat\u00e1strofe a partir de las 0:00 horas del 19 de marzo, en todo Chile y por una extensi\u00f3n de 90 d\u00edas, las Fuerzas Armadas y de Orden y Seguridad, se han desplegado a lo largo del pa\u00eds para cumplir con las funciones de resguardo y apoyo a la poblaci\u00f3n debido a la crisis sanitaria generada por la propagaci\u00f3n del COVID-19.<\/span><\/p>\n<p style=\"text-align: justify;\"><a href=\"https:\/\/www.emco.mil.cl\/wp-content\/uploads\/234-4.jpg\"><img fetchpriority=\"high\" decoding=\"async\" class=\"aligncenter size-full wp-image-5385\" src=\"https:\/\/www.emco.mil.cl\/wp-content\/uploads\/234-4.jpg\" alt=\"234\" width=\"620\" height=\"413\"><\/a><\/p>\n<p style=\"text-align: justify;\"><span style=\"font-size: 10pt; color: #000000;\">Desde la regi\u00f3n de Arica y Parinacota hasta la regi\u00f3n de Magallanes y la Ant\u00e1rtica chilena, tanto personal de Fuerzas Armadas, como de Carabineros y Polic\u00eda de Investigaciones, se han desplegado para cumplir con sus tareas asignadas en este Estado de Excepci\u00f3n.<\/span><\/p>\n<p style=\"text-align: justify;\"><span style=\"font-size: 10pt; color: #000000;\">Las tres ramas de la Defensa han desplegado a 32.599 uniformados, entre personal de Ej\u00e9rcito (19.708), Armada (9.057) y de la Fuerza A\u00e9rea (3.834), quienes han realizado patrullajes de seguridad terrestre y borde costero hasta la vigilancia de infraestructura cr\u00edtica, tales como hospitales, centros de atenci\u00f3n de salud, estaciones de servicio, aeropuertos, distribuidoras de gas, plantas de agua, estaciones el\u00e9ctricas, supermercados y puertos, entre otros.<\/span><\/p>\n<p style=\"text-align: justify;\"><a href=\"https:\/\/www.emco.mil.cl\/wp-content\/uploads\/456-1.jpg\"><img decoding=\"async\" class=\"aligncenter size-full wp-image-5387\" src=\"https:\/\/www.emco.mil.cl\/wp-content\/uploads\/456-1.jpg\" alt=\"456\" width=\"620\" height=\"413\"><\/a><\/p>\n<p style=\"text-align: justify;\"><span style=\"font-size: 10pt; color: #000000;\">El Ministro de Defensa Nacional, Alberto Espina Otero, expres\u00f3 que<strong><em> \u201clas Fuerzas Armadas cumplen una funci\u00f3n esencial para enfrentar el avance del coronavirus, dando protecci\u00f3n directa a todos los chilenos. En total, est\u00e1n cumpliendo esta funci\u00f3n m\u00e1s de 32 mil uniformados en todo Chile, quienes se despliegan d\u00eda y noche<\/em><\/strong>\u201d.<\/span><\/p>\n<p style=\"text-align: justify;\"><span style=\"font-size: 10pt; color: #000000;\">A las tareas de resguardo y apoyo humanitario, se suma el despliegue de personal uniformado en aduanas y cordones sanitarios en distintas zonas del pa\u00eds, tras las medidas establecidas por el Ministerio de Salud (MINSAL). Estas aduanas sanitarias son recintos de parada obligatoria, donde los pasajeros deben presentar sus documentos, para as\u00ed corroborar si se encuentra en el listado nacional de personas contagiadas con el COVID-19. Por otro lado, tambi\u00e9n se encuentra el cord\u00f3n sanitario, medida que se ha aplicado en aquellas localidades con mayor n\u00famero de contagios, donde se proh\u00edbe la entrada o salida de la ciudad o regi\u00f3n, para evitar la propagaci\u00f3n de la enfermedad.<\/span><\/p>\n<p style=\"text-align: justify;\"><a href=\"https:\/\/www.emco.mil.cl\/wp-content\/uploads\/567-1.jpg\"><img decoding=\"async\" class=\"aligncenter size-full wp-image-5388\" src=\"https:\/\/www.emco.mil.cl\/wp-content\/uploads\/567-1.jpg\" alt=\"567\" width=\"620\" height=\"413\"><\/a><\/p>\n<p style=\"text-align: justify;\"><span style=\"font-size: 10pt; color: #000000;\">Las FF.AA. tambi\u00e9n se encuentran colaborando en el transporte de vacunas, medicamentos e insumos m\u00e9dicos, el traslado de pacientes y personal m\u00e9dico, adem\u00e1s de la disposici\u00f3n de hospitales medulares, de Puestos de Atenci\u00f3n M\u00e9dicos Especializados (PAME), m\u00f3dulos climatizados y del Buque Hospital Sargento Aldea que cuenta con camas disponibles.<\/span><\/p>\n<p style=\"text-align: justify;\"><a href=\"https:\/\/www.emco.mil.cl\/wp-content\/uploads\/345-3.jpg\"><img loading=\"lazy\" decoding=\"async\" class=\"aligncenter size-full wp-image-5386\" src=\"https:\/\/www.emco.mil.cl\/wp-content\/uploads\/345-3.jpg\" alt=\"345\" width=\"620\" height=\"413\"><\/a><\/p>\n<p style=\"text-align: justify;\">\n","protected":false},"excerpt":{"rendered":"<p>A contar de la entrada en vigencia del Estado de Excepci\u00f3n Constitucional de Cat\u00e1strofe a partir de las 0:00 horas del 19 de marzo, en todo Chile y por una extensi\u00f3n de 90 d\u00edas, las Fuerzas Armadas y de Orden y Seguridad, se han desplegado a lo largo del pa\u00eds para cumplir con las funciones&#8230;<\/p>\n","protected":false},"author":5,"featured_media":5823,"comment_status":"closed","ping_status":"closed","sticky":false,"template":"","format":"standard","meta":{"_kad_post_transparent":"","_kad_post_title":"","_kad_post_layout":"","_kad_post_sidebar_id":"","_kad_post_content_style":"","_kad_post_vertical_padding":"","_kad_post_feature":"","_kad_post_feature_position":"","_kad_post_header":false,"_kad_post_footer":false,"footnotes":""},"categories":[11,3],"tags":[],"class_list":["post-5381","post","type-post","status-publish","format-standard","has-post-thumbnail","hentry","category-11","category-noticias"],"_links":{"self":[{"href":"https:\/\/www.emco.mil.cl\/index.php\/wp-json\/wp\/v2\/posts\/5381","targetHints":{"allow":["GET"]}}],"collection":[{"href":"https:\/\/www.emco.mil.cl\/index.php\/wp-json\/wp\/v2\/posts"}],"about":[{"href":"https:\/\/www.emco.mil.cl\/index.php\/wp-json\/wp\/v2\/types\/post"}],"author":[{"embeddable":true,"href":"https:\/\/www.emco.mil.cl\/index.php\/wp-json\/wp\/v2\/users\/5"}],"replies":[{"embeddable":true,"href":"https:\/\/www.emco.mil.cl\/index.php\/wp-json\/wp\/v2\/comments?post=5381"}],"version-history":[{"count":2,"href":"https:\/\/www.emco.mil.cl\/index.php\/wp-json\/wp\/v2\/posts\/5381\/revisions"}],"predecessor-version":[{"id":5857,"href":"https:\/\/www.emco.mil.cl\/index.php\/wp-json\/wp\/v2\/posts\/5381\/revisions\/5857"}],"wp:featuredmedia":[{"embeddable":true,"href":"https:\/\/www.emco.mil.cl\/index.php\/wp-json\/wp\/v2\/media\/5823"}],"wp:attachment":[{"href":"https:\/\/www.emco.mil.cl\/index.php\/wp-json\/wp\/v2\/media?parent=5381"}],"wp:term":[{"taxonomy":"category","embeddable":true,"href":"https:\/\/www.emco.mil.cl\/index.php\/wp-json\/wp\/v2\/categories?post=5381"},{"taxonomy":"post_tag","embeddable":true,"href":"https:\/\/www.emco.mil.cl\/index.php\/wp-json\/wp\/v2\/tags?post=5381"}],"curies":[{"name":"wp","href":"https:\/\/api.w.org\/{rel}","templated":true}]}}