{"id":5372,"date":"2020-03-13T19:14:55","date_gmt":"2020-03-13T22:14:55","guid":{"rendered":"https:\/\/www.emco.mil.cl\/?p=5372"},"modified":"2021-09-28T10:46:11","modified_gmt":"2021-09-28T13:46:11","slug":"inicio-ano-academico-centro-conjunto-para-operaciones-de-paz-chile","status":"publish","type":"post","link":"https:\/\/www.emco.mil.cl\/index.php\/2020\/03\/13\/inicio-ano-academico-centro-conjunto-para-operaciones-de-paz-chile\/","title":{"rendered":"Inicio a\u00f1o acad\u00e9mico Centro Conjunto para Operaciones de Paz Chile"},"content":{"rendered":"<p style=\"text-align: justify;\"><span style=\"font-size: 10pt; color: #000000;\">Este viernes 13 de marzo, en dependencias del Centro Conjunto para Operaciones de Paz de Chile, se llev\u00f3 a cabo, por primera vez, la ceremonia del inicio del a\u00f1o acad\u00e9mico CECOPAC 2020. Actividad presidida por el Director de Educaci\u00f3n, Doctrina y Entrenamiento Conjunto (DIREDENCO), Brigadier Pablo L\u00f3pez Palma.<\/span><\/p>\n<p style=\"text-align: justify;\"><span style=\"font-size: 10pt; color: #000000;\">El Director del CECOPAC, Coronel de Aviaci\u00f3n Rodrigo \u00c1lvarez Olmedo, se dirigi\u00f3 a los presentes d\u00e1ndoles la bienvenida y ahondando en lo que se viene este a\u00f1o en el centro de estudios, <strong><em>\u201cpara este a\u00f1o tenemos previsto la realizaci\u00f3n de siete cursos de pre-despliegues, orientados a preparar al personal de las Fuerzas Armadas y de Orden para misiones de paz con mandato de las Naciones Unidas. Tambi\u00e9n se realizar\u00e1n once cursos generales y de funcionamiento, tales como: &nbsp;Derecho Operacional, Cruz del Sur, Log\u00edstica para Oficiales y Suboficiales, Seguridad y protecci\u00f3n, Corresponsales, Staff Officers, CIMIC, Planificaci\u00f3n Operacional, Introducci\u00f3n a Operaciones de Paz, y Ayuda Humanitaria. Estos \u00faltimos abiertos a organizaciones civiles y estamentos p\u00fablicos\u201d.<\/em><\/strong><\/span><\/p>\n<p style=\"text-align: justify;\"><a href=\"https:\/\/www.emco.mil.cl\/wp-content\/uploads\/3-68.jpg\"><img fetchpriority=\"high\" decoding=\"async\" class=\"aligncenter size-full wp-image-5374\" src=\"https:\/\/www.emco.mil.cl\/wp-content\/uploads\/3-68.jpg\" alt=\"3\" width=\"620\" height=\"413\"><\/a><\/p>\n<p style=\"text-align: justify;\"><span style=\"font-size: 10pt; color: #000000;\">Respecto a las misiones de paz, el Coronel \u00c1lvarez, destac\u00f3 que<strong><em> \u201ces importante hacer notar que Chile tiene un 20 por ciento de participaci\u00f3n de mujeres en operaciones de paz, lo que es un 5 por ciento m\u00e1s de lo que las Naciones Unidas les pide a los pa\u00edses contribuyentes\u201d<\/em><\/strong>.<\/span><\/p>\n<p style=\"text-align: justify;\"><a href=\"https:\/\/www.emco.mil.cl\/wp-content\/uploads\/2-107.jpg\"><img decoding=\"async\" class=\"aligncenter size-full wp-image-5373\" src=\"https:\/\/www.emco.mil.cl\/wp-content\/uploads\/2-107.jpg\" alt=\"2\" width=\"620\" height=\"413\"><\/a><\/p>\n<p style=\"text-align: justify;\"><span style=\"font-size: 10pt; color: #000000;\">En ceremonia, se invit\u00f3 al Se\u00f1or Embajador, Cristian Barros Melet, quien realiz\u00f3 una clase magistral sobre la \u201cExperiencia de Chile en el Consejo de Seguridad de la Organizaci\u00f3n de las Naciones Unidas\u201d, quien ha tenido una vasta experiencia en la diplomacia.<\/span><\/p>\n<p style=\"text-align: justify;\">\n<p style=\"text-align: justify;\"><span style=\"font-size: 10pt; color: #000000;\"><strong>&nbsp;<\/strong><strong>Rese\u00f1a <\/strong><\/span><\/p>\n<p style=\"text-align: justify;\"><span style=\"font-size: 10pt; color: #000000;\">El Centro Conjunto para Operaciones de Paz de Chile, CECOPAC, fue creado mediante el Decreto N\u00b0114, de fecha 15 de julio 2002, como un organismo dependiente del Ministerio de Defensa Nacional.<\/span><\/p>\n<p style=\"text-align: justify;\"><span style=\"font-size: 10pt; color: #000000;\">CECOPAC tiene, entre otras, las siguientes funciones:<\/span><\/p>\n<ul style=\"text-align: justify;\">\n<li><span style=\"font-size: 10pt; color: #000000;\">Preparar y entrenar al personal de las FF.AA., de Orden y Seguridad P\u00fablica, civiles y extranjeros que participar\u00e1n en Operaciones de Paz.<\/span><\/li>\n<li><span style=\"font-size: 10pt; color: #000000;\">Efectuar estudios e investigaciones relacionadas con Operaciones de Paz.<\/span><\/li>\n<li><span style=\"font-size: 10pt; color: #000000;\">Llevar un registro que organice y efect\u00fae un seguimiento de los acuerdos e iniciativas internacionales en materia de Operaciones de paz, que sean de inter\u00e9s para el Ministerio de Defensa Nacional.<\/span><\/li>\n<\/ul>\n<p style=\"text-align: justify;\"><span style=\"font-size: 10pt; color: #000000;\">En estos 18 a\u00f1os de existencia, han pasado por el CECOPAC, m\u00e1s de 18 mil alumnos; hombres y mujeres pertenecientes de las FF.AA., de Orden y Seguridad; civiles y militares; chilenos y extranjeros, que han servido alrededor del mundo en diversas Operaciones de Paz.<\/span><\/p>\n<p style=\"text-align: justify;\"><span style=\"font-size: 10pt; color: #000000;\">En consonancia con su inter\u00e9s permanente de ser un centro de excelencia y de reconocido prestigio nacional e internacional, es que CECOPAC forma parte activa del International Assosiation of Peacekeeping Trainning Centres (IAPTC) y de la Asociaci\u00f3n Latinoamericana de Centros de Entrenamiento para Operaciones de Paz (ALCOPAZ), instancias de intercambio de experiencias docentes y establecimiento de nexos directos con centros hom\u00f3logos alrededor del mundo.<\/span><\/p>\n<p style=\"text-align: justify;\"><a href=\"https:\/\/www.emco.mil.cl\/wp-content\/uploads\/4-24.jpg\"><img decoding=\"async\" class=\"aligncenter size-full wp-image-5375\" src=\"https:\/\/www.emco.mil.cl\/wp-content\/uploads\/4-24.jpg\" alt=\"4\" width=\"620\" height=\"413\"><\/a><\/p>\n","protected":false},"excerpt":{"rendered":"<p>Este viernes 13 de marzo, en dependencias del Centro Conjunto para Operaciones de Paz de Chile, se llev\u00f3 a cabo, por primera vez, la ceremonia del inicio del a\u00f1o acad\u00e9mico CECOPAC 2020. Actividad presidida por el Director de Educaci\u00f3n, Doctrina y Entrenamiento Conjunto (DIREDENCO), Brigadier Pablo L\u00f3pez Palma. El Director del CECOPAC, Coronel de Aviaci\u00f3n&#8230;<\/p>\n","protected":false},"author":5,"featured_media":5823,"comment_status":"closed","ping_status":"closed","sticky":false,"template":"","format":"standard","meta":{"_kad_post_transparent":"","_kad_post_title":"","_kad_post_layout":"","_kad_post_sidebar_id":"","_kad_post_content_style":"","_kad_post_vertical_padding":"","_kad_post_feature":"","_kad_post_feature_position":"","_kad_post_header":false,"_kad_post_footer":false,"footnotes":""},"categories":[11,3],"tags":[],"class_list":["post-5372","post","type-post","status-publish","format-standard","has-post-thumbnail","hentry","category-11","category-noticias"],"_links":{"self":[{"href":"https:\/\/www.emco.mil.cl\/index.php\/wp-json\/wp\/v2\/posts\/5372","targetHints":{"allow":["GET"]}}],"collection":[{"href":"https:\/\/www.emco.mil.cl\/index.php\/wp-json\/wp\/v2\/posts"}],"about":[{"href":"https:\/\/www.emco.mil.cl\/index.php\/wp-json\/wp\/v2\/types\/post"}],"author":[{"embeddable":true,"href":"https:\/\/www.emco.mil.cl\/index.php\/wp-json\/wp\/v2\/users\/5"}],"replies":[{"embeddable":true,"href":"https:\/\/www.emco.mil.cl\/index.php\/wp-json\/wp\/v2\/comments?post=5372"}],"version-history":[{"count":2,"href":"https:\/\/www.emco.mil.cl\/index.php\/wp-json\/wp\/v2\/posts\/5372\/revisions"}],"predecessor-version":[{"id":5858,"href":"https:\/\/www.emco.mil.cl\/index.php\/wp-json\/wp\/v2\/posts\/5372\/revisions\/5858"}],"wp:featuredmedia":[{"embeddable":true,"href":"https:\/\/www.emco.mil.cl\/index.php\/wp-json\/wp\/v2\/media\/5823"}],"wp:attachment":[{"href":"https:\/\/www.emco.mil.cl\/index.php\/wp-json\/wp\/v2\/media?parent=5372"}],"wp:term":[{"taxonomy":"category","embeddable":true,"href":"https:\/\/www.emco.mil.cl\/index.php\/wp-json\/wp\/v2\/categories?post=5372"},{"taxonomy":"post_tag","embeddable":true,"href":"https:\/\/www.emco.mil.cl\/index.php\/wp-json\/wp\/v2\/tags?post=5372"}],"curies":[{"name":"wp","href":"https:\/\/api.w.org\/{rel}","templated":true}]}}