{"id":5357,"date":"2020-03-10T19:08:33","date_gmt":"2020-03-10T22:08:33","guid":{"rendered":"https:\/\/www.emco.mil.cl\/?p=5357"},"modified":"2021-09-28T10:46:31","modified_gmt":"2021-09-28T13:46:31","slug":"fuerza-de-paz-combinada-cruz-del-sur-comienza-su-residencia-en-chile","status":"publish","type":"post","link":"https:\/\/www.emco.mil.cl\/index.php\/2020\/03\/10\/fuerza-de-paz-combinada-cruz-del-sur-comienza-su-residencia-en-chile\/","title":{"rendered":"Fuerza de Paz Combinada \u201cCruz del Sur\u201d comienza su residencia en Chile"},"content":{"rendered":"<p><span style=\"font-size: 10pt; color: #000000;\">Este 10 de marzo, en dependencias del EMCO, el Jefe del Estado Mayor Conjunto, Vicealmirante Rodrigo \u00c1lvarez, recibi\u00f3 a la Fuerza de Paz Combinada \u201cCruz del Sur\u201d, como inicio de las actividades que tiene el Estado Mayor Conjunto y Combinado (EMCC) de esta Fuerza, cuya sede este a\u00f1o es en Chile.<\/span><\/p>\n<p><span style=\"font-size: 10pt; color: #000000;\">En la cita, el VA \u00c1lvarez se dirigi\u00f3 a los presentes destacando los escenarios de este a\u00f1o, <strong><em>\u201cno tengo ninguna duda, a pesar de los problemas que se nos han presentado en la actualidad como pa\u00eds, que daremos un paso m\u00e1s a la consolidaci\u00f3n de todo el trabajo que estamos realizando, esperando poder llevar a cabo las labores de manera adecuada y sin problemas. Por nuestra parte, cuenten con todo el apoyo, y en nombre del Ministerio de Defensa y el Estado Mayor Conjunto les doy la m\u00e1s cordial bienvenida a nuestro pa\u00eds, ya que esta Fuerza tiene una gran importancia tanto para el gobierno de Chile como el de Argentina, lo que consolida nuestros lazos y nos encamina a seguir avanzando, lo que es nuestra meta y queremos que se cumpla\u201d.<\/em><\/strong><\/span><\/p>\n<p><span style=\"font-size: 10pt; color: #000000;\"><a style=\"color: #000000;\" href=\"https:\/\/www.emco.mil.cl\/wp-content\/uploads\/CRUZQW2E2342R.jpg\"><img fetchpriority=\"high\" decoding=\"async\" class=\"aligncenter size-full wp-image-5360\" src=\"https:\/\/www.emco.mil.cl\/wp-content\/uploads\/CRUZQW2E2342R.jpg\" alt=\"CRUZQW2E2342R\" width=\"620\" height=\"413\"><\/a><\/span><\/p>\n<p><span style=\"font-size: 10pt; color: #000000;\">Cruz del Sur es una fuerza conjunta \u2013 combinada, que se cre\u00f3 el a\u00f1o 2005 a trav\u00e9s de la firma de un acuerdo bilateral entre los Ministerios de Defensa de Chile y Argentina, con el principal objetivo de ser utilizada bajo mandato de Naciones Unidas en Operaciones de Paz. Esta fuerza es conjunta por estar constituida por las tres ramas de las FF.AA., Ej\u00e9rcito, Armada y Fuerza A\u00e9rea y combinada por participar con las Fuerzas Armadas de ambos pa\u00edses.<\/span><\/p>\n<p><span style=\"font-size: 10pt; color: #000000;\"><a style=\"color: #000000;\" href=\"https:\/\/www.emco.mil.cl\/wp-content\/uploads\/343243242CRUZDELSUR.jpg\"><img decoding=\"async\" class=\"aligncenter size-full wp-image-5362\" src=\"https:\/\/www.emco.mil.cl\/wp-content\/uploads\/343243242CRUZDELSUR.jpg\" alt=\"343243242CRUZDELSUR\" width=\"620\" height=\"413\"><\/a><\/span><\/p>\n<p><span style=\"font-size: 10pt; color: #000000;\">Se encuentra bajo la conducci\u00f3n de una Autoridad Militar Binacional, que est\u00e1 conformada por un componente terrestre, otro naval y uno a\u00e9reo, que son complementarias e independientes entre s\u00ed. Para su conducci\u00f3n y control, Cruz del Sur cuenta con un Estado Mayor Conjunto y Combinado, cuyo jefe es el Capit\u00e1n de Nav\u00edo Rodrigo Graff, de la Armada de Chile y como subjefe, el Coronel Gast\u00f3n Marmonti, del Ej\u00e9rcito Argentino.<\/span><\/p>\n<p><span style=\"font-size: 10pt; color: #000000;\"><a style=\"color: #000000;\" href=\"https:\/\/www.emco.mil.cl\/wp-content\/uploads\/2313313213CRUZ.jpg\"><img decoding=\"async\" class=\"aligncenter size-full wp-image-5361\" src=\"https:\/\/www.emco.mil.cl\/wp-content\/uploads\/2313313213CRUZ.jpg\" alt=\"2313313213CRUZ\" width=\"620\" height=\"413\"><\/a><\/span><\/p>\n<p style=\"text-align: justify;\"><span style=\"font-size: 10pt; color: #000000;\"><strong><em>\u201cEs un motivo de orgullo ser parte de la conducci\u00f3n de esta Fuerza de Paz, cuya composici\u00f3n binacional y conjunta es \u00fanica en el mundo. El trabajar y compartir con quienes son parte de las Fuerzas Armadas Argentinas durante un a\u00f1o, constituye una excelente oportunidad para acrecentar nuestros conocimientos profesionales y por sobre todo para incrementar los lazos de amistad, camarader\u00eda y confianza mutua. Destaco el alto grado de compromiso, coordinaci\u00f3n y entendimiento alcanzado por este Estado Mayor, en el cual se privilegia el di\u00e1logo, la confianza, y el consenso\u201d<\/em><\/strong><strong>, <\/strong>se\u00f1al\u00f3 el CN Graff sobre su experiencia como Jefe del EMCC.<\/span><\/p>\n<p style=\"text-align: justify;\"><span style=\"font-size: 10pt; color: #000000;\">Por otro lado, el Coronel Marmonti habl\u00f3 sobre las funciones desarrolladas por el personal argentino,<strong><em> \u201cnosotros constituimos la parte argentina que complementa y contribuye profesionalmente a las \u00e1reas de conducci\u00f3n del Estado Mayor Conjunto Combinado \u201cCruz del Sur\u201d. Tambi\u00e9n efectuamos el enlace y las coordinaciones de adiestramiento y supervisi\u00f3n log\u00edstica con las Unidades argentinas de la Fuerza de Paz. En esta tarea participa activamente el Comando Operacional de las Fuerzas Armadas, el Estado Mayor N\u00facleo \u201cCruz del Sur\u201d y distintas Direcciones del Estado Mayor Conjunto en nuestro pa\u00eds\u201d. <\/em><\/strong><\/span><\/p>\n<p style=\"text-align: justify;\"><span style=\"font-size: 10pt; color: #000000;\">En cuanto a su labor como Subjefe de Estado Mayor Conjunto Combinado, el Coronel resalt\u00f3 la importancia de tener ese cargo, <strong><em>\u201cpara m\u00ed es una gran responsabilidad, orgullo y satisfacci\u00f3n, primero porque represento a mi pa\u00eds y segundo porque uno entabla relaciones con sus pares que le permiten intercambiar experiencias, lo que para nosotros es muy satisfactorio y enriquecedor\u201d.<\/em><\/strong><\/span><\/p>\n<p><a href=\"https:\/\/www.emco.mil.cl\/wp-content\/uploads\/XRUZDELS.jpg\"><img loading=\"lazy\" decoding=\"async\" class=\"aligncenter size-full wp-image-5363\" src=\"https:\/\/www.emco.mil.cl\/wp-content\/uploads\/XRUZDELS.jpg\" alt=\"XRUZDELS\" width=\"603\" height=\"386\"><\/a><\/p>\n","protected":false},"excerpt":{"rendered":"<p>Este 10 de marzo, en dependencias del EMCO, el Jefe del Estado Mayor Conjunto, Vicealmirante Rodrigo \u00c1lvarez, recibi\u00f3 a la Fuerza de Paz Combinada \u201cCruz del Sur\u201d, como inicio de las actividades que tiene el Estado Mayor Conjunto y Combinado (EMCC) de esta Fuerza, cuya sede este a\u00f1o es en Chile. En la cita, el&#8230;<\/p>\n","protected":false},"author":5,"featured_media":5823,"comment_status":"closed","ping_status":"closed","sticky":false,"template":"","format":"standard","meta":{"_kad_post_transparent":"","_kad_post_title":"","_kad_post_layout":"","_kad_post_sidebar_id":"","_kad_post_content_style":"","_kad_post_vertical_padding":"","_kad_post_feature":"","_kad_post_feature_position":"","_kad_post_header":false,"_kad_post_footer":false,"footnotes":""},"categories":[11,3],"tags":[],"class_list":["post-5357","post","type-post","status-publish","format-standard","has-post-thumbnail","hentry","category-11","category-noticias"],"_links":{"self":[{"href":"https:\/\/www.emco.mil.cl\/index.php\/wp-json\/wp\/v2\/posts\/5357","targetHints":{"allow":["GET"]}}],"collection":[{"href":"https:\/\/www.emco.mil.cl\/index.php\/wp-json\/wp\/v2\/posts"}],"about":[{"href":"https:\/\/www.emco.mil.cl\/index.php\/wp-json\/wp\/v2\/types\/post"}],"author":[{"embeddable":true,"href":"https:\/\/www.emco.mil.cl\/index.php\/wp-json\/wp\/v2\/users\/5"}],"replies":[{"embeddable":true,"href":"https:\/\/www.emco.mil.cl\/index.php\/wp-json\/wp\/v2\/comments?post=5357"}],"version-history":[{"count":2,"href":"https:\/\/www.emco.mil.cl\/index.php\/wp-json\/wp\/v2\/posts\/5357\/revisions"}],"predecessor-version":[{"id":5859,"href":"https:\/\/www.emco.mil.cl\/index.php\/wp-json\/wp\/v2\/posts\/5357\/revisions\/5859"}],"wp:featuredmedia":[{"embeddable":true,"href":"https:\/\/www.emco.mil.cl\/index.php\/wp-json\/wp\/v2\/media\/5823"}],"wp:attachment":[{"href":"https:\/\/www.emco.mil.cl\/index.php\/wp-json\/wp\/v2\/media?parent=5357"}],"wp:term":[{"taxonomy":"category","embeddable":true,"href":"https:\/\/www.emco.mil.cl\/index.php\/wp-json\/wp\/v2\/categories?post=5357"},{"taxonomy":"post_tag","embeddable":true,"href":"https:\/\/www.emco.mil.cl\/index.php\/wp-json\/wp\/v2\/tags?post=5357"}],"curies":[{"name":"wp","href":"https:\/\/api.w.org\/{rel}","templated":true}]}}