{"id":5350,"date":"2020-03-10T18:45:26","date_gmt":"2020-03-10T21:45:26","guid":{"rendered":"https:\/\/www.emco.mil.cl\/?p=5350"},"modified":"2021-09-28T10:47:24","modified_gmt":"2021-09-28T13:47:24","slug":"repliegue-del-contingente-militar-chileno-en-chipre-2","status":"publish","type":"post","link":"https:\/\/www.emco.mil.cl\/index.php\/2020\/03\/10\/repliegue-del-contingente-militar-chileno-en-chipre-2\/","title":{"rendered":"Repliegue del contingente militar chileno en Chipre"},"content":{"rendered":"<p><span style=\"font-size: 10pt; color: #000000;\">En dependencias de la Direcci\u00f3n de Operaciones y Conducci\u00f3n Conjunta (DOPCON) del Estado Mayor Conjunto, Contraalmirante Pablo Niemann Figari, recibi\u00f3 al personal uniformado de Ej\u00e9rcito y Armada que se desempe\u00f1\u00f3 por 6 meses como observadores militares en la Fuerza de las Naciones Unidas para el Mantenimiento de la Paz en Chipre (UNFICYP).<\/span><\/p>\n<p><span style=\"font-size: 10pt; color: #000000;\">Durante la reuni\u00f3n, el Comandante de la Fuerza Militar de observadores chilenos en Chipre, Teniente Roberto Z\u00fa\u00f1iga Fica del Ej\u00e9rcito, present\u00f3 al Contraalmirante Niemann el informe de t\u00e9rmino de la misi\u00f3n, exponiendo la situaci\u00f3n en la que los uniformados chilenos desempe\u00f1aron sus labores de vigilancia y patrullaje en la zona desmilitarizada que hay entre la parte greco-chipriota y turco-chipriota.<\/span><\/p>\n<p><span style=\"font-size: 10pt; color: #000000;\"><a style=\"color: #000000;\" href=\"https:\/\/www.emco.mil.cl\/wp-content\/uploads\/123-9.jpg\"><img fetchpriority=\"high\" decoding=\"async\" class=\"aligncenter size-full wp-image-5352\" src=\"https:\/\/www.emco.mil.cl\/wp-content\/uploads\/123-9.jpg\" alt=\"123\" width=\"620\" height=\"413\"><\/a><\/span><\/p>\n<p><span style=\"font-size: 10pt; color: #000000;\"><strong><em>\u201cPara todos los que integramos esta Operaci\u00f3n de Paz, fue una muy buena experiencia, ya que nos permiti\u00f3 trabajar con personal de Fuerzas Armadas de diferentes pa\u00edses y culturas. Al ser part\u00edcipe de este tipo de misi\u00f3n, se crean interacciones profesionales positivas entre el personal de Chile y Argentina, lo que consolida las relaciones militares entre ambos pa\u00edses. El profesionalismo de cada uno de los integrantes del contingente chileno en UNFICYP, es destacado por nuestros pares y el personal ONU<\/em><\/strong>\u201d, coment\u00f3 el Teniente Z\u00fa\u00f1iga.<\/span><\/p>\n<p><span style=\"font-size: 10pt; color: #000000;\">Chile colabora desde el a\u00f1o 1999 en UNFICYP, y actualmente participa con 12 uniformados, 6 representantes del Ej\u00e9rcito y 6 de la Armada, quienes forman parte de la Fuerza de Tarea Argentina (FTA), que cubre un tercio de la \u201czona de amortiguaci\u00f3n\u201d. Este contingente binacional es producto de acuerdos entre Chile y Argentina, donde dispusieron un despliegue de una Fuerza Militar Conjunta Combinada a la isla del Mediterr\u00e1neo Oriental, desde el 2003.<\/span><\/p>\n<p><a href=\"https:\/\/www.emco.mil.cl\/wp-content\/uploads\/234-3.jpg\"><img decoding=\"async\" class=\"aligncenter size-full wp-image-5353\" src=\"https:\/\/www.emco.mil.cl\/wp-content\/uploads\/234-3.jpg\" alt=\"234\" width=\"620\" height=\"413\"><\/a><\/p>\n<p><a href=\"https:\/\/www.emco.mil.cl\/wp-content\/uploads\/32145.jpg\"><img decoding=\"async\" class=\"aligncenter size-full wp-image-5354\" src=\"https:\/\/www.emco.mil.cl\/wp-content\/uploads\/32145.jpg\" alt=\"32145\" width=\"620\" height=\"413\"><\/a><\/p>\n","protected":false},"excerpt":{"rendered":"<p>En dependencias de la Direcci\u00f3n de Operaciones y Conducci\u00f3n Conjunta (DOPCON) del Estado Mayor Conjunto, Contraalmirante Pablo Niemann Figari, recibi\u00f3 al personal uniformado de Ej\u00e9rcito y Armada que se desempe\u00f1\u00f3 por 6 meses como observadores militares en la Fuerza de las Naciones Unidas para el Mantenimiento de la Paz en Chipre (UNFICYP). Durante la reuni\u00f3n,&#8230;<\/p>\n","protected":false},"author":5,"featured_media":5823,"comment_status":"closed","ping_status":"closed","sticky":false,"template":"","format":"standard","meta":{"_kad_post_transparent":"","_kad_post_title":"","_kad_post_layout":"","_kad_post_sidebar_id":"","_kad_post_content_style":"","_kad_post_vertical_padding":"","_kad_post_feature":"","_kad_post_feature_position":"","_kad_post_header":false,"_kad_post_footer":false,"footnotes":""},"categories":[11,3],"tags":[],"class_list":["post-5350","post","type-post","status-publish","format-standard","has-post-thumbnail","hentry","category-11","category-noticias"],"_links":{"self":[{"href":"https:\/\/www.emco.mil.cl\/index.php\/wp-json\/wp\/v2\/posts\/5350","targetHints":{"allow":["GET"]}}],"collection":[{"href":"https:\/\/www.emco.mil.cl\/index.php\/wp-json\/wp\/v2\/posts"}],"about":[{"href":"https:\/\/www.emco.mil.cl\/index.php\/wp-json\/wp\/v2\/types\/post"}],"author":[{"embeddable":true,"href":"https:\/\/www.emco.mil.cl\/index.php\/wp-json\/wp\/v2\/users\/5"}],"replies":[{"embeddable":true,"href":"https:\/\/www.emco.mil.cl\/index.php\/wp-json\/wp\/v2\/comments?post=5350"}],"version-history":[{"count":2,"href":"https:\/\/www.emco.mil.cl\/index.php\/wp-json\/wp\/v2\/posts\/5350\/revisions"}],"predecessor-version":[{"id":5860,"href":"https:\/\/www.emco.mil.cl\/index.php\/wp-json\/wp\/v2\/posts\/5350\/revisions\/5860"}],"wp:featuredmedia":[{"embeddable":true,"href":"https:\/\/www.emco.mil.cl\/index.php\/wp-json\/wp\/v2\/media\/5823"}],"wp:attachment":[{"href":"https:\/\/www.emco.mil.cl\/index.php\/wp-json\/wp\/v2\/media?parent=5350"}],"wp:term":[{"taxonomy":"category","embeddable":true,"href":"https:\/\/www.emco.mil.cl\/index.php\/wp-json\/wp\/v2\/categories?post=5350"},{"taxonomy":"post_tag","embeddable":true,"href":"https:\/\/www.emco.mil.cl\/index.php\/wp-json\/wp\/v2\/tags?post=5350"}],"curies":[{"name":"wp","href":"https:\/\/api.w.org\/{rel}","templated":true}]}}