{"id":5341,"date":"2020-03-06T18:28:30","date_gmt":"2020-03-06T21:28:30","guid":{"rendered":"https:\/\/www.emco.mil.cl\/?p=5341"},"modified":"2021-09-28T10:49:28","modified_gmt":"2021-09-28T13:49:28","slug":"izamiento-de-la-gran-bandera-en-el-marco-del-mes-del-aire","status":"publish","type":"post","link":"https:\/\/www.emco.mil.cl\/index.php\/2020\/03\/06\/izamiento-de-la-gran-bandera-en-el-marco-del-mes-del-aire\/","title":{"rendered":"Izamiento de la Gran Bandera en el marco del Mes del Aire"},"content":{"rendered":"<p><span style=\"font-size: 10pt; color: #000000;\">La tradicional ceremonia de Izamiento de la Gran Bandera Nacional fue encabezada por el Ministro de Defensa Nacional, Alberto Espina Otero y el Comandante en Jefe de la Fuerza A\u00e9rea de Chile, General del Aire Arturo Merino N\u00fa\u00f1ez; esto en el marco de los 90 a\u00f1os de la Fuerza A\u00e9rea y en la conmemoraci\u00f3n del Mes del Aire. En esta ceremonia particip\u00f3 el Subjefe del Estado Mayor Conjunto, General de Aviaci\u00f3n Albert Widmer Thomas, adem\u00e1s de los Subsecretarios de Defensa y para las Fuerzas Armadas, Cristi\u00e1n De la Maza Riquelme y Alfonso Vargas Lyng.<\/span><\/p>\n<p><span style=\"font-size: 10pt; color: #000000;\"><a style=\"color: #000000;\" href=\"https:\/\/www.emco.mil.cl\/wp-content\/uploads\/234-2.jpg\"><img fetchpriority=\"high\" decoding=\"async\" class=\"aligncenter size-full wp-image-5345\" src=\"https:\/\/www.emco.mil.cl\/wp-content\/uploads\/234-2.jpg\" alt=\"234\" width=\"620\" height=\"413\"><\/a><\/span><\/p>\n<p><span style=\"font-size: 10pt; color: #000000;\"> <a style=\"color: #000000;\" href=\"https:\/\/www.emco.mil.cl\/wp-content\/uploads\/345-2.jpg\"><img decoding=\"async\" class=\"aligncenter size-full wp-image-5342\" src=\"https:\/\/www.emco.mil.cl\/wp-content\/uploads\/345-2.jpg\" alt=\"345\" width=\"620\" height=\"413\"><\/a><\/span><\/p>\n<p><span style=\"font-size: 10pt; color: #000000;\"><strong><em>\u201cEsta ceremonia tuvo un gran simbolismo, ya que cumplo 40 a\u00f1os en la Fuerza A\u00e9rea, y ver este a\u00f1o el izamiento de esta magn\u00edfica bandera es algo de suma importancia para alguien que lleva tanto tiempo en la instituci\u00f3n. Este tipo de ritos demuestra el amor que uno tiene por la Fuerza A\u00e9rea y por la trascendencia de nuestra querida instituci\u00f3n, que es muy importante para esta naci\u00f3n\u201d,<\/em><\/strong> coment\u00f3 el GAV Widmer.<\/span><\/p>\n<p><span style=\"font-size: 10pt; color: #000000;\">Hace 90 a\u00f1os, el 21 de marzo de 1930 comenz\u00f3 a escribirse la historia de la Fuerza A\u00e9rea de Chile, que ha estado en constante evoluci\u00f3n logrando conectar y unir a Chile desde los extremos. La FACh mira hacia el futuro, llevando el progreso a cada lugar por los \u201cCaminos del Aire\u201d.<\/span><\/p>\n<p><span style=\"font-size: 10pt; color: #000000;\"><a style=\"color: #000000;\" href=\"https:\/\/www.emco.mil.cl\/wp-content\/uploads\/123-8.jpg\"><img decoding=\"async\" class=\"aligncenter size-full wp-image-5344\" src=\"https:\/\/www.emco.mil.cl\/wp-content\/uploads\/123-8.jpg\" alt=\"123\" width=\"620\" height=\"413\"><\/a><\/span><\/p>\n","protected":false},"excerpt":{"rendered":"<p>La tradicional ceremonia de Izamiento de la Gran Bandera Nacional fue encabezada por el Ministro de Defensa Nacional, Alberto Espina Otero y el Comandante en Jefe de la Fuerza A\u00e9rea de Chile, General del Aire Arturo Merino N\u00fa\u00f1ez; esto en el marco de los 90 a\u00f1os de la Fuerza A\u00e9rea y en la conmemoraci\u00f3n del&#8230;<\/p>\n","protected":false},"author":5,"featured_media":5823,"comment_status":"closed","ping_status":"closed","sticky":false,"template":"","format":"standard","meta":{"_kad_post_transparent":"","_kad_post_title":"","_kad_post_layout":"","_kad_post_sidebar_id":"","_kad_post_content_style":"","_kad_post_vertical_padding":"","_kad_post_feature":"","_kad_post_feature_position":"","_kad_post_header":false,"_kad_post_footer":false,"footnotes":""},"categories":[11,3],"tags":[],"class_list":["post-5341","post","type-post","status-publish","format-standard","has-post-thumbnail","hentry","category-11","category-noticias"],"_links":{"self":[{"href":"https:\/\/www.emco.mil.cl\/index.php\/wp-json\/wp\/v2\/posts\/5341","targetHints":{"allow":["GET"]}}],"collection":[{"href":"https:\/\/www.emco.mil.cl\/index.php\/wp-json\/wp\/v2\/posts"}],"about":[{"href":"https:\/\/www.emco.mil.cl\/index.php\/wp-json\/wp\/v2\/types\/post"}],"author":[{"embeddable":true,"href":"https:\/\/www.emco.mil.cl\/index.php\/wp-json\/wp\/v2\/users\/5"}],"replies":[{"embeddable":true,"href":"https:\/\/www.emco.mil.cl\/index.php\/wp-json\/wp\/v2\/comments?post=5341"}],"version-history":[{"count":2,"href":"https:\/\/www.emco.mil.cl\/index.php\/wp-json\/wp\/v2\/posts\/5341\/revisions"}],"predecessor-version":[{"id":5861,"href":"https:\/\/www.emco.mil.cl\/index.php\/wp-json\/wp\/v2\/posts\/5341\/revisions\/5861"}],"wp:featuredmedia":[{"embeddable":true,"href":"https:\/\/www.emco.mil.cl\/index.php\/wp-json\/wp\/v2\/media\/5823"}],"wp:attachment":[{"href":"https:\/\/www.emco.mil.cl\/index.php\/wp-json\/wp\/v2\/media?parent=5341"}],"wp:term":[{"taxonomy":"category","embeddable":true,"href":"https:\/\/www.emco.mil.cl\/index.php\/wp-json\/wp\/v2\/categories?post=5341"},{"taxonomy":"post_tag","embeddable":true,"href":"https:\/\/www.emco.mil.cl\/index.php\/wp-json\/wp\/v2\/tags?post=5341"}],"curies":[{"name":"wp","href":"https:\/\/api.w.org\/{rel}","templated":true}]}}