{"id":5336,"date":"2020-03-05T15:48:04","date_gmt":"2020-03-05T18:48:04","guid":{"rendered":"https:\/\/www.emco.mil.cl\/?p=5336"},"modified":"2021-09-28T10:50:08","modified_gmt":"2021-09-28T13:50:08","slug":"profesores-del-curso-conjunto-de-academias-de-guerra-participan-de-curso-en-ee-uu","status":"publish","type":"post","link":"https:\/\/www.emco.mil.cl\/index.php\/2020\/03\/05\/profesores-del-curso-conjunto-de-academias-de-guerra-participan-de-curso-en-ee-uu\/","title":{"rendered":"Profesores del Curso Conjunto de Academias de Guerra participan de curso en EE.UU."},"content":{"rendered":"<p><span style=\"font-size: 10pt; color: #000000;\">Este lunes 2 de marzo, el Director de la Direcci\u00f3n de Educaci\u00f3n, Doctrina y Entrenamiento Conjunto (DIREDENCO) del Estado Mayor Conjunto, Brigadier Pablo L\u00f3pez Palma, se reuni\u00f3 con el Vicealmirante (R) Jos\u00e9 Rivera Sariego, profesor de la Academia de Guerra Naval (ACANAV) y el Teniente Coronel Jos\u00e9 Ortiz Mondaca, profesor de Academia de Guerra del Ej\u00e9rcito (ACAGUE), ambos instructores del Curso Conjunto de Estado Mayor, quienes realizar\u00e1n el curso <em>\u201cInternational Logistics Executive Advanced Development\u201d<\/em>, en la Academia Navy Supply Corps School<em>,<\/em> en Newport, Rhode Island. EE.UU.<\/span><\/p>\n<p><span style=\"font-size: 10pt; color: #000000;\">Esta actividad se enmarca dentro del programa<em> International Military Educaction and Training <\/em>(IMET) que tiene Chile con EE.UU., donde el Estado Mayor Conjunto es el ente coordinador de dicho curso, con el prop\u00f3sito de incrementar y perfeccionar una masa cr\u00edtica de profesores del Curso Conjunto de Estado Mayor que se imparte en las Academias de Guerra de las Fuerzas Armadas.<\/span><\/p>\n<p><a href=\"https:\/\/www.emco.mil.cl\/wp-content\/uploads\/Sin-t\u00edtulo-211111.jpg\"><img fetchpriority=\"high\" decoding=\"async\" class=\"aligncenter size-full wp-image-5338\" src=\"https:\/\/www.emco.mil.cl\/wp-content\/uploads\/Sin-t\u00edtulo-211111.jpg\" alt=\"Sin t\u00edtulo-211111\" width=\"620\" height=\"413\"><\/a><\/p>\n","protected":false},"excerpt":{"rendered":"<p>Este lunes 2 de marzo, el Director de la Direcci\u00f3n de Educaci\u00f3n, Doctrina y Entrenamiento Conjunto (DIREDENCO) del Estado Mayor Conjunto, Brigadier Pablo L\u00f3pez Palma, se reuni\u00f3 con el Vicealmirante (R) Jos\u00e9 Rivera Sariego, profesor de la Academia de Guerra Naval (ACANAV) y el Teniente Coronel Jos\u00e9 Ortiz Mondaca, profesor de Academia de Guerra del&#8230;<\/p>\n","protected":false},"author":5,"featured_media":5823,"comment_status":"closed","ping_status":"closed","sticky":false,"template":"","format":"standard","meta":{"_kad_post_transparent":"","_kad_post_title":"","_kad_post_layout":"","_kad_post_sidebar_id":"","_kad_post_content_style":"","_kad_post_vertical_padding":"","_kad_post_feature":"","_kad_post_feature_position":"","_kad_post_header":false,"_kad_post_footer":false,"footnotes":""},"categories":[11,3],"tags":[],"class_list":["post-5336","post","type-post","status-publish","format-standard","has-post-thumbnail","hentry","category-11","category-noticias"],"_links":{"self":[{"href":"https:\/\/www.emco.mil.cl\/index.php\/wp-json\/wp\/v2\/posts\/5336","targetHints":{"allow":["GET"]}}],"collection":[{"href":"https:\/\/www.emco.mil.cl\/index.php\/wp-json\/wp\/v2\/posts"}],"about":[{"href":"https:\/\/www.emco.mil.cl\/index.php\/wp-json\/wp\/v2\/types\/post"}],"author":[{"embeddable":true,"href":"https:\/\/www.emco.mil.cl\/index.php\/wp-json\/wp\/v2\/users\/5"}],"replies":[{"embeddable":true,"href":"https:\/\/www.emco.mil.cl\/index.php\/wp-json\/wp\/v2\/comments?post=5336"}],"version-history":[{"count":2,"href":"https:\/\/www.emco.mil.cl\/index.php\/wp-json\/wp\/v2\/posts\/5336\/revisions"}],"predecessor-version":[{"id":5862,"href":"https:\/\/www.emco.mil.cl\/index.php\/wp-json\/wp\/v2\/posts\/5336\/revisions\/5862"}],"wp:featuredmedia":[{"embeddable":true,"href":"https:\/\/www.emco.mil.cl\/index.php\/wp-json\/wp\/v2\/media\/5823"}],"wp:attachment":[{"href":"https:\/\/www.emco.mil.cl\/index.php\/wp-json\/wp\/v2\/media?parent=5336"}],"wp:term":[{"taxonomy":"category","embeddable":true,"href":"https:\/\/www.emco.mil.cl\/index.php\/wp-json\/wp\/v2\/categories?post=5336"},{"taxonomy":"post_tag","embeddable":true,"href":"https:\/\/www.emco.mil.cl\/index.php\/wp-json\/wp\/v2\/tags?post=5336"}],"curies":[{"name":"wp","href":"https:\/\/api.w.org\/{rel}","templated":true}]}}