{"id":5317,"date":"2020-02-14T17:55:20","date_gmt":"2020-02-14T20:55:20","guid":{"rendered":"https:\/\/www.emco.mil.cl\/?p=5317"},"modified":"2021-09-28T10:50:57","modified_gmt":"2021-09-28T13:50:57","slug":"despliegue-de-contingente-chileno-a-mision-de-paz-en-chipre-2","status":"publish","type":"post","link":"https:\/\/www.emco.mil.cl\/index.php\/2020\/02\/14\/despliegue-de-contingente-chileno-a-mision-de-paz-en-chipre-2\/","title":{"rendered":"Despliegue de contingente chileno a Misi\u00f3n de Paz en Chipre"},"content":{"rendered":"<p><span style=\"font-size: 10pt; color: #000000;\">Esta ma\u00f1ana, el Jefe del Estado Mayor Conjunto (S), General de Aviaci\u00f3n Albert Widmer Thomas, despidi\u00f3 al personal de Ej\u00e9rcito y Armada que se desplegar\u00e1 por 6 meses a la Fuerza de las Naciones Unidas para el Mantenimiento de la Paz en Chipre (UNFICYP).<\/span><\/p>\n<p><span style=\"font-size: 10pt; color: #000000;\">El GAV Widmer se dirigi\u00f3 a los uniformados presentes, recalc\u00e1ndoles la importancia de la presencia chilena en ese lado del mundo, <strong><em>\u201cestoy muy contento de poder recibirlos y quiero felicitarlos por haber sido seleccionados para cumplir con esta importante actividad internacional en Chipre. Cu\u00eddense, que sea un \u00e9xito y dejen muy bien el nombre de Chile en esta misi\u00f3n y en el mundo\u201d.<\/em><\/strong><\/span><\/p>\n<p><a href=\"https:\/\/www.emco.mil.cl\/wp-content\/uploads\/1234567-1.jpg\"><img fetchpriority=\"high\" decoding=\"async\" class=\"aligncenter size-full wp-image-5323\" src=\"https:\/\/www.emco.mil.cl\/wp-content\/uploads\/1234567-1.jpg\" alt=\"1234567\" width=\"620\" height=\"413\"><\/a><\/p>\n<p><span style=\"font-size: 10pt; color: #000000;\">El contingente chileno se incorporar\u00e1 a la Fuerza de Tarea Argentina (FTA), que cubre un tercio de la \u201czona de amortiguaci\u00f3n\u201d, es producto de acuerdos entre Chile y Argentina, que dispusieron un despliegue de una Fuerza Militar Conjunta Combinada a la isla del Mediterr\u00e1neo Oriental, desde el 2003.<\/span><\/p>\n<p><span style=\"font-size: 10pt; color: #000000;\"><strong><em>\u201cLo principal es cumplir con esta misi\u00f3n, representar el nombre de Chile, como ya lo han hecho 34 misiones antes que nosotros, mantener el alto prestigio de nuestra instituci\u00f3n, pero principalmente el de nuestro pa\u00eds. En esta ocasi\u00f3n compartiremos con personal de Ej\u00e9rcito, siempre es bueno interactuar con gente de las otras Fuerzas Armadas, es importante hacerlo y es una experiencia que nos suma mucho, ya que tambi\u00e9n estaremos relacion\u00e1ndonos con uniformados argentinos, que son nuestros vecinos\u201d,<\/em><\/strong> coment\u00f3 el Comandante de Chipre 35, Teniente Segundo Infante de Marina Crist\u00f3bal L\u00f3pez Troncoso, de la Armada de Chile.<\/span><\/p>\n<p><span style=\"font-size: 10pt; color: #000000;\"><strong>\u201c<em>S\u00e9 que ser\u00e1 una gran experiencia, ya que participar\u00e9 de una misi\u00f3n que es mucho m\u00e1s operativa y que se aleja mucho de mi diario quehacer en mi unidad. El participar con personal de otra instituci\u00f3n es un desaf\u00edo para m\u00ed, tengo altas expectativas, entendiendo que tienen otra cultura organizacional. No solo hablo del Ej\u00e9rcito argentino, sino que tambi\u00e9n con los turcos, los chipriotas e incluso con el Ej\u00e9rcito brit\u00e1nico, estoy ansioso de aprender de ellos\u201d,<\/em><\/strong> dijo el Teniente \u00c1lvaro Reydet Pantoja, del Ej\u00e9rcito de Chile.<\/span><\/p>\n<p><span style=\"font-size: 10pt; color: #000000;\"><strong>\u201c<em>Esta es la tercera oportunidad que tengo de participar de una misi\u00f3n de paz, pero la primera en Chipre. En esta ocasi\u00f3n busco incrementar mis conocimientos profesionales y poder aportar a la misi\u00f3n con la experiencia que tengo de haber estado dos veces en Hait\u00ed. Me siento privilegiado de ser parte de este contingente, porque somos pocos los seleccionados de la Armada. Es un orgullo representar a mi Instituci\u00f3n y a mi pa\u00eds en el extranjero\u201d<\/em>,<\/strong> indic\u00f3 el Sargento Primero Infante de Marina Cesar Cifuentes Varela, de la Armada de Chile.<\/span><\/p>\n<p><span style=\"font-size: 10pt; color: #000000;\"><strong><em>\u201cEs la segunda vez que me toca participar de esta misi\u00f3n en Chipre, estoy expectante de ver c\u00f3mo ha avanzado la situaci\u00f3n en el pa\u00eds y busco conocer y desarrollarme con la cultura y el personal con el que me desempe\u00f1ar\u00e9 en esta instancia. En cuanto a mi experiencia anterior, debo reconocer que el nivel profesional de las personas que son parte de esta operaci\u00f3n es tremendo. Lo particular de esta misi\u00f3n es que uno participa con personal de la Armada de Chile y con uniformados argentinos, lo que es una gran oportunidad donde uno debe sacar el mayor provecho posible<\/em><\/strong><em>\u201d, <\/em>expres\u00f3 el Cabo Primero Nelson Acevedo Montesinos, del Ej\u00e9rcito de Chile.<\/span><\/p>\n<p><span style=\"font-size: 10pt; color: #000000;\">Nuestro pa\u00eds participa de esta misi\u00f3n con 12 uniformados, 6 del Ej\u00e9rcito y 6 de la Armada, quienes desarrollan labores de observaci\u00f3n y patrullaje para evitar incidentes entre las comunidades griegas y turcas.<\/span><\/p>\n<p><a href=\"https:\/\/www.emco.mil.cl\/wp-content\/uploads\/123-7.jpg\"><img decoding=\"async\" class=\"aligncenter size-full wp-image-5322\" src=\"https:\/\/www.emco.mil.cl\/wp-content\/uploads\/123-7.jpg\" alt=\"123\" width=\"620\" height=\"413\"><\/a><\/p>\n","protected":false},"excerpt":{"rendered":"<p>Esta ma\u00f1ana, el Jefe del Estado Mayor Conjunto (S), General de Aviaci\u00f3n Albert Widmer Thomas, despidi\u00f3 al personal de Ej\u00e9rcito y Armada que se desplegar\u00e1 por 6 meses a la Fuerza de las Naciones Unidas para el Mantenimiento de la Paz en Chipre (UNFICYP). El GAV Widmer se dirigi\u00f3 a los uniformados presentes, recalc\u00e1ndoles la&#8230;<\/p>\n","protected":false},"author":5,"featured_media":5823,"comment_status":"closed","ping_status":"closed","sticky":false,"template":"","format":"standard","meta":{"_kad_post_transparent":"","_kad_post_title":"","_kad_post_layout":"","_kad_post_sidebar_id":"","_kad_post_content_style":"","_kad_post_vertical_padding":"","_kad_post_feature":"","_kad_post_feature_position":"","_kad_post_header":false,"_kad_post_footer":false,"footnotes":""},"categories":[11,3],"tags":[],"class_list":["post-5317","post","type-post","status-publish","format-standard","has-post-thumbnail","hentry","category-11","category-noticias"],"_links":{"self":[{"href":"https:\/\/www.emco.mil.cl\/index.php\/wp-json\/wp\/v2\/posts\/5317","targetHints":{"allow":["GET"]}}],"collection":[{"href":"https:\/\/www.emco.mil.cl\/index.php\/wp-json\/wp\/v2\/posts"}],"about":[{"href":"https:\/\/www.emco.mil.cl\/index.php\/wp-json\/wp\/v2\/types\/post"}],"author":[{"embeddable":true,"href":"https:\/\/www.emco.mil.cl\/index.php\/wp-json\/wp\/v2\/users\/5"}],"replies":[{"embeddable":true,"href":"https:\/\/www.emco.mil.cl\/index.php\/wp-json\/wp\/v2\/comments?post=5317"}],"version-history":[{"count":2,"href":"https:\/\/www.emco.mil.cl\/index.php\/wp-json\/wp\/v2\/posts\/5317\/revisions"}],"predecessor-version":[{"id":5864,"href":"https:\/\/www.emco.mil.cl\/index.php\/wp-json\/wp\/v2\/posts\/5317\/revisions\/5864"}],"wp:featuredmedia":[{"embeddable":true,"href":"https:\/\/www.emco.mil.cl\/index.php\/wp-json\/wp\/v2\/media\/5823"}],"wp:attachment":[{"href":"https:\/\/www.emco.mil.cl\/index.php\/wp-json\/wp\/v2\/media?parent=5317"}],"wp:term":[{"taxonomy":"category","embeddable":true,"href":"https:\/\/www.emco.mil.cl\/index.php\/wp-json\/wp\/v2\/categories?post=5317"},{"taxonomy":"post_tag","embeddable":true,"href":"https:\/\/www.emco.mil.cl\/index.php\/wp-json\/wp\/v2\/tags?post=5317"}],"curies":[{"name":"wp","href":"https:\/\/api.w.org\/{rel}","templated":true}]}}