{"id":5300,"date":"2020-01-16T17:28:39","date_gmt":"2020-01-16T20:28:39","guid":{"rendered":"https:\/\/www.emco.mil.cl\/?p=5300"},"modified":"2021-09-28T10:51:41","modified_gmt":"2021-09-28T13:51:41","slug":"repliegue-oficial-fach-a-mision-de-paz-en-india-pakistan","status":"publish","type":"post","link":"https:\/\/www.emco.mil.cl\/index.php\/2020\/01\/16\/repliegue-oficial-fach-a-mision-de-paz-en-india-pakistan\/","title":{"rendered":"Repliegue Oficial FACh de misi\u00f3n de paz en India \u2013 Pakist\u00e1n"},"content":{"rendered":"<p><span style=\"font-size: 10pt; color: #000000;\">El Director de Operaciones y Conducci\u00f3n Conjunta (DOPCON), Contralmirante Pablo Niemann Figari, recibi\u00f3 al Comandante de Escuadrilla (TI) Felipe Mu\u00f1oz Uribe, de la Fuerza A\u00e9rea de Chile, quien se desempe\u00f1\u00f3, durante todo el a\u00f1o 2019, como Observador Militar en la Misi\u00f3n de Paz en India y Pakist\u00e1n y expuso sus experiencias.<\/span><\/p>\n<p><a href=\"https:\/\/www.emco.mil.cl\/wp-content\/uploads\/Foto1.jpg\"><img fetchpriority=\"high\" decoding=\"async\" class=\"aligncenter size-full wp-image-5302\" src=\"https:\/\/www.emco.mil.cl\/wp-content\/uploads\/Foto1.jpg\" alt=\"Foto1\" width=\"620\" height=\"413\"><\/a><\/p>\n<p><span style=\"font-size: 10pt; color: #000000;\"><strong><em>\u201cFue una experiencia muy enriquecedora e importante, es un \u00e1rea muy violenta, no para un como Observador Militar, sino por las condiciones de vida de las personas, la pobreza que uno puede llegar a ver cerca del \u00e1rea de misi\u00f3n, es fuerte y eso motiva a hacer un buen trabajo. En general, los uniformados chilenos que se han desempe\u00f1ado en esta misi\u00f3n lo han hecho de buena manera y es por eso que estamos bien evaluados, lo que nos ayuda a ser parte del staff del Cuartel General, porque conocen nuestro profesionalismo\u201d,<\/em><\/strong> coment\u00f3 el CDE Mu\u00f1oz.<\/span><\/p>\n<p><a href=\"https:\/\/www.emco.mil.cl\/wp-content\/uploads\/foto2-6.jpg\"><img decoding=\"async\" class=\"aligncenter size-full wp-image-5303\" src=\"https:\/\/www.emco.mil.cl\/wp-content\/uploads\/foto2-6.jpg\" alt=\"foto2\" width=\"620\" height=\"413\"><\/a><\/p>\n<p><span style=\"font-size: 10pt; color: #000000;\">Chile contribuye con un Oficial de Ej\u00e9rcito y uno de la Fuerza A\u00e9rea, quienes se desplazan en las diferentes estaciones a lo largo de la L\u00ednea de Control, supervisando el alto al fuego acordado entre la India y Pakist\u00e1n.<\/span><\/p>\n","protected":false},"excerpt":{"rendered":"<p>El Director de Operaciones y Conducci\u00f3n Conjunta (DOPCON), Contralmirante Pablo Niemann Figari, recibi\u00f3 al Comandante de Escuadrilla (TI) Felipe Mu\u00f1oz Uribe, de la Fuerza A\u00e9rea de Chile, quien se desempe\u00f1\u00f3, durante todo el a\u00f1o 2019, como Observador Militar en la Misi\u00f3n de Paz en India y Pakist\u00e1n y expuso sus experiencias. \u201cFue una experiencia muy&#8230;<\/p>\n","protected":false},"author":5,"featured_media":5823,"comment_status":"closed","ping_status":"closed","sticky":false,"template":"","format":"standard","meta":{"_kad_post_transparent":"","_kad_post_title":"","_kad_post_layout":"","_kad_post_sidebar_id":"","_kad_post_content_style":"","_kad_post_vertical_padding":"","_kad_post_feature":"","_kad_post_feature_position":"","_kad_post_header":false,"_kad_post_footer":false,"footnotes":""},"categories":[11,3],"tags":[],"class_list":["post-5300","post","type-post","status-publish","format-standard","has-post-thumbnail","hentry","category-11","category-noticias"],"_links":{"self":[{"href":"https:\/\/www.emco.mil.cl\/index.php\/wp-json\/wp\/v2\/posts\/5300","targetHints":{"allow":["GET"]}}],"collection":[{"href":"https:\/\/www.emco.mil.cl\/index.php\/wp-json\/wp\/v2\/posts"}],"about":[{"href":"https:\/\/www.emco.mil.cl\/index.php\/wp-json\/wp\/v2\/types\/post"}],"author":[{"embeddable":true,"href":"https:\/\/www.emco.mil.cl\/index.php\/wp-json\/wp\/v2\/users\/5"}],"replies":[{"embeddable":true,"href":"https:\/\/www.emco.mil.cl\/index.php\/wp-json\/wp\/v2\/comments?post=5300"}],"version-history":[{"count":2,"href":"https:\/\/www.emco.mil.cl\/index.php\/wp-json\/wp\/v2\/posts\/5300\/revisions"}],"predecessor-version":[{"id":5866,"href":"https:\/\/www.emco.mil.cl\/index.php\/wp-json\/wp\/v2\/posts\/5300\/revisions\/5866"}],"wp:featuredmedia":[{"embeddable":true,"href":"https:\/\/www.emco.mil.cl\/index.php\/wp-json\/wp\/v2\/media\/5823"}],"wp:attachment":[{"href":"https:\/\/www.emco.mil.cl\/index.php\/wp-json\/wp\/v2\/media?parent=5300"}],"wp:term":[{"taxonomy":"category","embeddable":true,"href":"https:\/\/www.emco.mil.cl\/index.php\/wp-json\/wp\/v2\/categories?post=5300"},{"taxonomy":"post_tag","embeddable":true,"href":"https:\/\/www.emco.mil.cl\/index.php\/wp-json\/wp\/v2\/tags?post=5300"}],"curies":[{"name":"wp","href":"https:\/\/api.w.org\/{rel}","templated":true}]}}