{"id":5279,"date":"2019-12-17T15:40:01","date_gmt":"2019-12-17T15:40:01","guid":{"rendered":"https:\/\/www.emco.mil.cl\/?p=5279"},"modified":"2021-09-28T11:15:03","modified_gmt":"2021-09-28T14:15:03","slug":"cambio-de-mando-del-centro-conjunto-para-operaciones-de-paz-de-chile","status":"publish","type":"post","link":"https:\/\/www.emco.mil.cl\/index.php\/2019\/12\/17\/cambio-de-mando-del-centro-conjunto-para-operaciones-de-paz-de-chile\/","title":{"rendered":"Cambio de mando del Centro Conjunto para Operaciones de Paz de Chile"},"content":{"rendered":"<p><span style=\"font-size: 10pt; color: #000000;\">El 16 de diciembre, en dependencias del Centro Conjunto para Operaciones de Paz de Chile, en el Campo Militar La Reina, se llev\u00f3 a cabo la ceremonia de cambio de mando del CECOPAC, organismo dependiente del Estado Mayor Conjunto, instancia en que el Comandante de Grupo (DA) Sergio Valencia Burgos, le entreg\u00f3 el mando al Comandante de Grupo (I) Rodrigo \u00c1lvarez Olmedo, ambos de la Fuerza A\u00e9rea de Chile.<\/span><\/p>\n<p style=\"text-align: justify;\"><a href=\"https:\/\/www.emco.mil.cl\/wp-content\/uploads\/cecopac1.jpg\"><img fetchpriority=\"high\" decoding=\"async\" class=\"aligncenter size-full wp-image-5282\" src=\"https:\/\/www.emco.mil.cl\/wp-content\/uploads\/cecopac1.jpg\" alt=\"cecopac1\" width=\"620\" height=\"413\"><\/a><\/p>\n<p style=\"text-align: justify;\"><span style=\"font-size: 10pt; color: #000000;\">La ceremonia estuvo presidida por el Subjefe del Estado Mayor Conjunto, General de Aviaci\u00f3n Albert Widmer Thomas y cont\u00f3 con la presencia autoridades regionales civiles y militares, personal del CECOPAC y familiares.<\/span><\/p>\n<p style=\"text-align: justify;\"><a href=\"https:\/\/www.emco.mil.cl\/wp-content\/uploads\/cecopac2.jpg\"><img decoding=\"async\" class=\"aligncenter size-full wp-image-5283\" src=\"https:\/\/www.emco.mil.cl\/wp-content\/uploads\/cecopac2.jpg\" alt=\"cecopac2\" width=\"620\" height=\"413\"><\/a><\/p>\n<p style=\"text-align: justify;\"><span style=\"font-size: 10pt; color: #000000;\">Al culminar la ceremonia, el Comandante Valencia hizo uso de la palabra, dirigi\u00e9ndose a la dotaci\u00f3n que estuvo bajo su mando durante el 2019<em>, <strong>\u201cdeseo expresar mi m\u00e1s sincero agradecimiento a mis mandos por su apoyo permanente en mi gesti\u00f3n como Director del CECOPAC y agradecer a cada uno de los integrantes de la unidad. Gracias por su entusiasmo, dedicaci\u00f3n al trabajo, por su apertura al cambio, por sus aportes y por secundarme en mis ideas, propuestas y proyectos<\/strong>\u201d.<\/em>&nbsp;<\/span><\/p>\n<p style=\"text-align: justify;\"><a href=\"https:\/\/www.emco.mil.cl\/wp-content\/uploads\/cecipac3.jpg\"><img decoding=\"async\" class=\"aligncenter size-full wp-image-5284\" src=\"https:\/\/www.emco.mil.cl\/wp-content\/uploads\/cecipac3.jpg\" alt=\"cecipac3\" width=\"620\" height=\"413\"><\/a><\/p>\n","protected":false},"excerpt":{"rendered":"<p>El 16 de diciembre, en dependencias del Centro Conjunto para Operaciones de Paz de Chile, en el Campo Militar La Reina, se llev\u00f3 a cabo la ceremonia de cambio de mando del CECOPAC, organismo dependiente del Estado Mayor Conjunto, instancia en que el Comandante de Grupo (DA) Sergio Valencia Burgos, le entreg\u00f3 el mando al&#8230;<\/p>\n","protected":false},"author":5,"featured_media":5823,"comment_status":"closed","ping_status":"closed","sticky":false,"template":"","format":"standard","meta":{"_kad_post_transparent":"","_kad_post_title":"","_kad_post_layout":"","_kad_post_sidebar_id":"","_kad_post_content_style":"","_kad_post_vertical_padding":"","_kad_post_feature":"","_kad_post_feature_position":"","_kad_post_header":false,"_kad_post_footer":false,"footnotes":""},"categories":[15,3],"tags":[],"class_list":["post-5279","post","type-post","status-publish","format-standard","has-post-thumbnail","hentry","category-15","category-noticias"],"_links":{"self":[{"href":"https:\/\/www.emco.mil.cl\/index.php\/wp-json\/wp\/v2\/posts\/5279","targetHints":{"allow":["GET"]}}],"collection":[{"href":"https:\/\/www.emco.mil.cl\/index.php\/wp-json\/wp\/v2\/posts"}],"about":[{"href":"https:\/\/www.emco.mil.cl\/index.php\/wp-json\/wp\/v2\/types\/post"}],"author":[{"embeddable":true,"href":"https:\/\/www.emco.mil.cl\/index.php\/wp-json\/wp\/v2\/users\/5"}],"replies":[{"embeddable":true,"href":"https:\/\/www.emco.mil.cl\/index.php\/wp-json\/wp\/v2\/comments?post=5279"}],"version-history":[{"count":1,"href":"https:\/\/www.emco.mil.cl\/index.php\/wp-json\/wp\/v2\/posts\/5279\/revisions"}],"predecessor-version":[{"id":5870,"href":"https:\/\/www.emco.mil.cl\/index.php\/wp-json\/wp\/v2\/posts\/5279\/revisions\/5870"}],"wp:featuredmedia":[{"embeddable":true,"href":"https:\/\/www.emco.mil.cl\/index.php\/wp-json\/wp\/v2\/media\/5823"}],"wp:attachment":[{"href":"https:\/\/www.emco.mil.cl\/index.php\/wp-json\/wp\/v2\/media?parent=5279"}],"wp:term":[{"taxonomy":"category","embeddable":true,"href":"https:\/\/www.emco.mil.cl\/index.php\/wp-json\/wp\/v2\/categories?post=5279"},{"taxonomy":"post_tag","embeddable":true,"href":"https:\/\/www.emco.mil.cl\/index.php\/wp-json\/wp\/v2\/tags?post=5279"}],"curies":[{"name":"wp","href":"https:\/\/api.w.org\/{rel}","templated":true}]}}