{"id":5264,"date":"2019-12-16T17:30:56","date_gmt":"2019-12-16T17:30:56","guid":{"rendered":"https:\/\/www.emco.mil.cl\/?p=5264"},"modified":"2021-09-28T11:16:48","modified_gmt":"2021-09-28T14:16:48","slug":"cambio-de-mando-del-comando-conjunto-norte","status":"publish","type":"post","link":"https:\/\/www.emco.mil.cl\/index.php\/2019\/12\/16\/cambio-de-mando-del-comando-conjunto-norte\/","title":{"rendered":"Cambio de mando del Comando Conjunto Norte"},"content":{"rendered":"<p style=\"text-align: justify;\"><span style=\"font-size: 10pt; color: #000000;\">El 13 de diciembre, en el sector de Punta Gruesa, Iquique, se llev\u00f3 a efecto la ceremonia de cambio de mando del Comando Conjunto Norte, unidad dependiente del Estado Mayor Conjunto, instancia en que el General de Divisi\u00f3n Juan Carlos Henr\u00edquez Barrera, entreg\u00f3 el mando al General de Divisi\u00f3n Guillermo Paiva Hern\u00e1ndez.<\/span><\/p>\n<p style=\"text-align: justify;\"><a href=\"https:\/\/www.emco.mil.cl\/wp-content\/uploads\/3333-1.jpg\"><img fetchpriority=\"high\" decoding=\"async\" class=\"aligncenter size-full wp-image-5267\" src=\"https:\/\/www.emco.mil.cl\/wp-content\/uploads\/3333-1.jpg\" alt=\"3333\" width=\"620\" height=\"413\"><\/a><\/p>\n<p style=\"text-align: justify;\"><span style=\"font-size: 10pt; color: #000000;\">La ceremonia estuvo presidida por el Jefe del Estado Mayor Conjunto, Vicealmirante Rodrigo \u00c1lvarez Aguirre y cont\u00f3 con la presencia del Intendente Regional de Tarapac\u00e1, Miguel \u00c1ngel Quezada, autoridades regionales civiles y militares y personal del Comando Conjunto Norte.<\/span><\/p>\n<p style=\"text-align: justify;\"><a href=\"https:\/\/www.emco.mil.cl\/wp-content\/uploads\/22222-2.jpg\"><img decoding=\"async\" class=\"aligncenter size-full wp-image-5266\" src=\"https:\/\/www.emco.mil.cl\/wp-content\/uploads\/22222-2.jpg\" alt=\"22222\" width=\"620\" height=\"413\"><\/a><\/p>\n<p style=\"text-align: justify;\"><span style=\"font-size: 10pt; color: #000000;\">Durante la ceremonia, el Comandante del Comando Conjunto Norte saliente, GDD Henr\u00edquez se dirigi\u00f3 a los presentes, agradeciendo el apoyo durante su tiempo al mando de esta importante repartici\u00f3n militar.<\/span><\/p>\n<p style=\"text-align: justify;\"><a href=\"https:\/\/www.emco.mil.cl\/wp-content\/uploads\/5555.jpg\"><img decoding=\"async\" class=\"aligncenter size-full wp-image-5269\" src=\"https:\/\/www.emco.mil.cl\/wp-content\/uploads\/5555.jpg\" alt=\"5555\" width=\"620\" height=\"413\"><\/a><\/p>\n","protected":false},"excerpt":{"rendered":"<p>El 13 de diciembre, en el sector de Punta Gruesa, Iquique, se llev\u00f3 a efecto la ceremonia de cambio de mando del Comando Conjunto Norte, unidad dependiente del Estado Mayor Conjunto, instancia en que el General de Divisi\u00f3n Juan Carlos Henr\u00edquez Barrera, entreg\u00f3 el mando al General de Divisi\u00f3n Guillermo Paiva Hern\u00e1ndez. La ceremonia estuvo&#8230;<\/p>\n","protected":false},"author":5,"featured_media":5823,"comment_status":"closed","ping_status":"closed","sticky":false,"template":"","format":"standard","meta":{"_kad_post_transparent":"","_kad_post_title":"","_kad_post_layout":"","_kad_post_sidebar_id":"","_kad_post_content_style":"","_kad_post_vertical_padding":"","_kad_post_feature":"","_kad_post_feature_position":"","_kad_post_header":false,"_kad_post_footer":false,"footnotes":""},"categories":[15,3],"tags":[],"class_list":["post-5264","post","type-post","status-publish","format-standard","has-post-thumbnail","hentry","category-15","category-noticias"],"_links":{"self":[{"href":"https:\/\/www.emco.mil.cl\/index.php\/wp-json\/wp\/v2\/posts\/5264","targetHints":{"allow":["GET"]}}],"collection":[{"href":"https:\/\/www.emco.mil.cl\/index.php\/wp-json\/wp\/v2\/posts"}],"about":[{"href":"https:\/\/www.emco.mil.cl\/index.php\/wp-json\/wp\/v2\/types\/post"}],"author":[{"embeddable":true,"href":"https:\/\/www.emco.mil.cl\/index.php\/wp-json\/wp\/v2\/users\/5"}],"replies":[{"embeddable":true,"href":"https:\/\/www.emco.mil.cl\/index.php\/wp-json\/wp\/v2\/comments?post=5264"}],"version-history":[{"count":2,"href":"https:\/\/www.emco.mil.cl\/index.php\/wp-json\/wp\/v2\/posts\/5264\/revisions"}],"predecessor-version":[{"id":5879,"href":"https:\/\/www.emco.mil.cl\/index.php\/wp-json\/wp\/v2\/posts\/5264\/revisions\/5879"}],"wp:featuredmedia":[{"embeddable":true,"href":"https:\/\/www.emco.mil.cl\/index.php\/wp-json\/wp\/v2\/media\/5823"}],"wp:attachment":[{"href":"https:\/\/www.emco.mil.cl\/index.php\/wp-json\/wp\/v2\/media?parent=5264"}],"wp:term":[{"taxonomy":"category","embeddable":true,"href":"https:\/\/www.emco.mil.cl\/index.php\/wp-json\/wp\/v2\/categories?post=5264"},{"taxonomy":"post_tag","embeddable":true,"href":"https:\/\/www.emco.mil.cl\/index.php\/wp-json\/wp\/v2\/tags?post=5264"}],"curies":[{"name":"wp","href":"https:\/\/api.w.org\/{rel}","templated":true}]}}