{"id":5256,"date":"2019-12-13T14:06:58","date_gmt":"2019-12-13T14:06:58","guid":{"rendered":"https:\/\/www.emco.mil.cl\/?p=5256"},"modified":"2021-09-28T11:17:07","modified_gmt":"2021-09-28T14:17:07","slug":"repliegue-de-oficial-de-ejercito-a-mision-de-paz-en-india-pakistan","status":"publish","type":"post","link":"https:\/\/www.emco.mil.cl\/index.php\/2019\/12\/13\/repliegue-de-oficial-de-ejercito-a-mision-de-paz-en-india-pakistan\/","title":{"rendered":"Repliegue de Oficial de Ej\u00e9rcito a Misi\u00f3n de Paz en India \u2013 Pakist\u00e1n"},"content":{"rendered":"<p><span style=\"font-size: 10pt; color: #000000;\">En dependencias de la Direcci\u00f3n de Operaciones y Conducci\u00f3n Conjunta (DOPCON) del Estado Mayor Conjunto, el Contraalmirante Pablo Niemann Figari, recibi\u00f3 al Capit\u00e1n de Ej\u00e9rcito Capit\u00e1n \u00c1lvaro Romero Ravest, quien fue parte por 1 a\u00f1o de la Misi\u00f3n de Mantenimiento de la paz en India y Pakist\u00e1n.<\/span><\/p>\n<p><a href=\"https:\/\/www.emco.mil.cl\/wp-content\/uploads\/12-6.jpg\"><img fetchpriority=\"high\" decoding=\"async\" class=\"aligncenter size-full wp-image-5260\" src=\"https:\/\/www.emco.mil.cl\/wp-content\/uploads\/12-6.jpg\" alt=\"12\" width=\"620\" height=\"413\"><\/a><\/p>\n<p style=\"text-align: justify;\"><span style=\"font-size: 10pt; color: #000000;\"><strong><em>\u201cFue un a\u00f1o bien especial en el \u00e1rea de misi\u00f3n, sin embargo, con las competencias que uno, como uniformado, tiene en el Ej\u00e9rcito, y en el s\u00edmil Fuerza A\u00e9rea, uno se encuentra capacitado y muy preparado para sortear todos los obst\u00e1culos y es una linda experiencia el poder haber contribuido a la paz en una de las zonas m\u00e1s militarizadas del mundo, es un orgullo representar a Chile\u201d,<\/em><\/strong> coment\u00f3 el Capit\u00e1n Romero.<\/span><\/p>\n<p style=\"text-align: justify;\"><a href=\"https:\/\/www.emco.mil.cl\/wp-content\/uploads\/2345.jpg\"><img decoding=\"async\" class=\"aligncenter size-full wp-image-5261\" src=\"https:\/\/www.emco.mil.cl\/wp-content\/uploads\/2345.jpg\" alt=\"2345\" width=\"620\" height=\"413\"><\/a><\/p>\n<p style=\"text-align: justify;\"><span style=\"font-size: 10pt; color: #000000;\">Creado en 1949, el Grupo de Observadores Militares de las Naciones Unidas en India y Pakist\u00e1n (UNMOGIP), fue desplegado para supervisar el alto el fuego acordado entre ambos pa\u00edses. Desde que se reanudaron las hostilidades en 1971, esta misi\u00f3n ha permanecido en la zona para observar los acontecimientos relativos a la estricta observancia de la cesaci\u00f3n del fuego de 17 de diciembre de 1971 e informar sobre los mismos al Secretario General de las Naciones Unidas. Actualmente, el Ej\u00e9rcito y la Fuerza A\u00e9rea de Chile, participan en esta misi\u00f3n con un Oficial de cada instituci\u00f3n, quienes se desempe\u00f1an como observadores militares.<\/span><\/p>\n","protected":false},"excerpt":{"rendered":"<p>En dependencias de la Direcci\u00f3n de Operaciones y Conducci\u00f3n Conjunta (DOPCON) del Estado Mayor Conjunto, el Contraalmirante Pablo Niemann Figari, recibi\u00f3 al Capit\u00e1n de Ej\u00e9rcito Capit\u00e1n \u00c1lvaro Romero Ravest, quien fue parte por 1 a\u00f1o de la Misi\u00f3n de Mantenimiento de la paz en India y Pakist\u00e1n. \u201cFue un a\u00f1o bien especial en el \u00e1rea&#8230;<\/p>\n","protected":false},"author":5,"featured_media":5823,"comment_status":"closed","ping_status":"closed","sticky":false,"template":"","format":"standard","meta":{"_kad_post_transparent":"","_kad_post_title":"","_kad_post_layout":"","_kad_post_sidebar_id":"","_kad_post_content_style":"","_kad_post_vertical_padding":"","_kad_post_feature":"","_kad_post_feature_position":"","_kad_post_header":false,"_kad_post_footer":false,"footnotes":""},"categories":[15,3],"tags":[],"class_list":["post-5256","post","type-post","status-publish","format-standard","has-post-thumbnail","hentry","category-15","category-noticias"],"_links":{"self":[{"href":"https:\/\/www.emco.mil.cl\/index.php\/wp-json\/wp\/v2\/posts\/5256","targetHints":{"allow":["GET"]}}],"collection":[{"href":"https:\/\/www.emco.mil.cl\/index.php\/wp-json\/wp\/v2\/posts"}],"about":[{"href":"https:\/\/www.emco.mil.cl\/index.php\/wp-json\/wp\/v2\/types\/post"}],"author":[{"embeddable":true,"href":"https:\/\/www.emco.mil.cl\/index.php\/wp-json\/wp\/v2\/users\/5"}],"replies":[{"embeddable":true,"href":"https:\/\/www.emco.mil.cl\/index.php\/wp-json\/wp\/v2\/comments?post=5256"}],"version-history":[{"count":2,"href":"https:\/\/www.emco.mil.cl\/index.php\/wp-json\/wp\/v2\/posts\/5256\/revisions"}],"predecessor-version":[{"id":5880,"href":"https:\/\/www.emco.mil.cl\/index.php\/wp-json\/wp\/v2\/posts\/5256\/revisions\/5880"}],"wp:featuredmedia":[{"embeddable":true,"href":"https:\/\/www.emco.mil.cl\/index.php\/wp-json\/wp\/v2\/media\/5823"}],"wp:attachment":[{"href":"https:\/\/www.emco.mil.cl\/index.php\/wp-json\/wp\/v2\/media?parent=5256"}],"wp:term":[{"taxonomy":"category","embeddable":true,"href":"https:\/\/www.emco.mil.cl\/index.php\/wp-json\/wp\/v2\/categories?post=5256"},{"taxonomy":"post_tag","embeddable":true,"href":"https:\/\/www.emco.mil.cl\/index.php\/wp-json\/wp\/v2\/tags?post=5256"}],"curies":[{"name":"wp","href":"https:\/\/api.w.org\/{rel}","templated":true}]}}