{"id":5247,"date":"2019-12-12T19:43:16","date_gmt":"2019-12-12T19:43:16","guid":{"rendered":"https:\/\/www.emco.mil.cl\/?p=5247"},"modified":"2021-09-28T11:17:27","modified_gmt":"2021-09-28T14:17:27","slug":"cambio-de-mando-del-comando-conjunto-austral-2","status":"publish","type":"post","link":"https:\/\/www.emco.mil.cl\/index.php\/2019\/12\/12\/cambio-de-mando-del-comando-conjunto-austral-2\/","title":{"rendered":"Cambio de mando del Comando Conjunto Austral"},"content":{"rendered":"<p><span style=\"font-size: 10pt; color: #000000;\">El 10 de diciembre, en sal\u00f3n O\u2019Higgins del Comando Conjunto Austral (CCA), en Punta Arenas, se llev\u00f3 a cabo la ceremonia de cambio de mando del CCA, ceremonia presidida por el Jefe del Estado Mayor Conjunto, Vicealmirante Rodrigo \u00c1lvarez Aguirre y cont\u00f3 con la presencia del Comandante en Jefe de la Tercera Zona Naval, Contraalmirante Ronald Baasch Barberis. &nbsp;<\/span><\/p>\n<p style=\"text-align: justify;\"><a href=\"https:\/\/www.emco.mil.cl\/wp-content\/uploads\/1-109.jpg\"><img fetchpriority=\"high\" decoding=\"async\" class=\"aligncenter size-full wp-image-5250\" src=\"https:\/\/www.emco.mil.cl\/wp-content\/uploads\/1-109.jpg\" alt=\"1\" width=\"620\" height=\"413\"><\/a><\/p>\n<p style=\"text-align: justify;\"><span style=\"font-size: 10pt; color: #000000;\">Al inicio de la ceremonia, se hizo un minuto de silencio por la desaparici\u00f3n del avi\u00f3n H\u00e9rcules C-130 de la Fuerza A\u00e9rea de Chile en apoyo a los camaradas aviadores.<\/span><\/p>\n<p style=\"text-align: justify;\"><span style=\"font-size: 10pt; color: #000000;\">El VA \u00c1lvarez dio lectura al decreto que ordena el cambio de mando de esta alta Repartici\u00f3n Ministerial, y de esta manera el General de Brigada Jorge Pe\u00f1a N\u00fa\u00f1ez, le entreg\u00f3 el cargo al General de Brigada Rodrigo Ventura Sancho, quien adem\u00e1s asumir\u00e1 la Comandancia en Jefe de la V Divisi\u00f3n del Ej\u00e9rcito.<\/span><\/p>\n<p style=\"text-align: justify;\"><a href=\"https:\/\/www.emco.mil.cl\/wp-content\/uploads\/2-105.jpg\"><img decoding=\"async\" class=\"aligncenter size-full wp-image-5251\" src=\"https:\/\/www.emco.mil.cl\/wp-content\/uploads\/2-105.jpg\" alt=\"2\" width=\"620\" height=\"413\"><\/a><\/p>\n<p style=\"text-align: justify;\"><a href=\"https:\/\/www.emco.mil.cl\/wp-content\/uploads\/3-67.jpg\"><img decoding=\"async\" class=\"aligncenter size-full wp-image-5252\" src=\"https:\/\/www.emco.mil.cl\/wp-content\/uploads\/3-67.jpg\" alt=\"3\" width=\"620\" height=\"413\"><\/a><\/p>\n<p style=\"text-align: justify;\"><a href=\"https:\/\/www.emco.mil.cl\/wp-content\/uploads\/4-23.jpg\"><img loading=\"lazy\" decoding=\"async\" class=\"aligncenter size-full wp-image-5253\" src=\"https:\/\/www.emco.mil.cl\/wp-content\/uploads\/4-23.jpg\" alt=\"4\" width=\"620\" height=\"413\"><\/a><\/p>\n<p style=\"text-align: justify;\"><span style=\"font-size: 10pt; color: #000000;\">Durante la ceremonia, el JEMCO agradeci\u00f3 el esfuerzo, trabajo y profesionalismo del General Pe\u00f1a, en el a\u00f1o que estuvo a cargo del Comando Conjunto Austral, se dirigi\u00f3 tambi\u00e9n al General Ventura, dese\u00e1ndole el mejor de los \u00e9xitos en esta nueva designaci\u00f3n en su carrera militar.<\/span><\/p>\n","protected":false},"excerpt":{"rendered":"<p>El 10 de diciembre, en sal\u00f3n O\u2019Higgins del Comando Conjunto Austral (CCA), en Punta Arenas, se llev\u00f3 a cabo la ceremonia de cambio de mando del CCA, ceremonia presidida por el Jefe del Estado Mayor Conjunto, Vicealmirante Rodrigo \u00c1lvarez Aguirre y cont\u00f3 con la presencia del Comandante en Jefe de la Tercera Zona Naval, Contraalmirante&#8230;<\/p>\n","protected":false},"author":5,"featured_media":5823,"comment_status":"closed","ping_status":"closed","sticky":false,"template":"","format":"standard","meta":{"_kad_post_transparent":"","_kad_post_title":"","_kad_post_layout":"","_kad_post_sidebar_id":"","_kad_post_content_style":"","_kad_post_vertical_padding":"","_kad_post_feature":"","_kad_post_feature_position":"","_kad_post_header":false,"_kad_post_footer":false,"footnotes":""},"categories":[15,3],"tags":[],"class_list":["post-5247","post","type-post","status-publish","format-standard","has-post-thumbnail","hentry","category-15","category-noticias"],"_links":{"self":[{"href":"https:\/\/www.emco.mil.cl\/index.php\/wp-json\/wp\/v2\/posts\/5247","targetHints":{"allow":["GET"]}}],"collection":[{"href":"https:\/\/www.emco.mil.cl\/index.php\/wp-json\/wp\/v2\/posts"}],"about":[{"href":"https:\/\/www.emco.mil.cl\/index.php\/wp-json\/wp\/v2\/types\/post"}],"author":[{"embeddable":true,"href":"https:\/\/www.emco.mil.cl\/index.php\/wp-json\/wp\/v2\/users\/5"}],"replies":[{"embeddable":true,"href":"https:\/\/www.emco.mil.cl\/index.php\/wp-json\/wp\/v2\/comments?post=5247"}],"version-history":[{"count":2,"href":"https:\/\/www.emco.mil.cl\/index.php\/wp-json\/wp\/v2\/posts\/5247\/revisions"}],"predecessor-version":[{"id":5881,"href":"https:\/\/www.emco.mil.cl\/index.php\/wp-json\/wp\/v2\/posts\/5247\/revisions\/5881"}],"wp:featuredmedia":[{"embeddable":true,"href":"https:\/\/www.emco.mil.cl\/index.php\/wp-json\/wp\/v2\/media\/5823"}],"wp:attachment":[{"href":"https:\/\/www.emco.mil.cl\/index.php\/wp-json\/wp\/v2\/media?parent=5247"}],"wp:term":[{"taxonomy":"category","embeddable":true,"href":"https:\/\/www.emco.mil.cl\/index.php\/wp-json\/wp\/v2\/categories?post=5247"},{"taxonomy":"post_tag","embeddable":true,"href":"https:\/\/www.emco.mil.cl\/index.php\/wp-json\/wp\/v2\/tags?post=5247"}],"curies":[{"name":"wp","href":"https:\/\/api.w.org\/{rel}","templated":true}]}}