{"id":5234,"date":"2019-12-06T18:06:34","date_gmt":"2019-12-06T18:06:34","guid":{"rendered":"https:\/\/www.emco.mil.cl\/?p=5234"},"modified":"2021-09-28T15:16:28","modified_gmt":"2021-09-28T18:16:28","slug":"ceremonia-de-graduacion-del-curso-conjunto-de-estado-mayor-2019","status":"publish","type":"post","link":"https:\/\/www.emco.mil.cl\/index.php\/2019\/12\/06\/ceremonia-de-graduacion-del-curso-conjunto-de-estado-mayor-2019\/","title":{"rendered":"Ceremonia de Graduaci\u00f3n del Curso Conjunto de Estado Mayor 2019"},"content":{"rendered":"<p><span style=\"font-size: 10pt; color: #000000;\">Este viernes 6 de diciembre, en dependencias de la Academia de Guerra del Ej\u00e9rcito (ACAGUE), se llev\u00f3 a cabo la graduaci\u00f3n del Curso Conjunto del Estado Mayor 2019, ceremonia presidida por el Ministro de Defensa Nacional, Alberto Espina Otero acompa\u00f1ado del Jefe del Estado Mayor Conjunto, Vicealmirante Rodrigo \u00c1lvarez Aguirre y autoridades militares.<\/span><\/p>\n<p style=\"text-align: justify;\"><a href=\"https:\/\/www.emco.mil.cl\/wp-content\/uploads\/acague2.jpg\"><img fetchpriority=\"high\" decoding=\"async\" class=\"aligncenter size-full wp-image-5239\" src=\"https:\/\/www.emco.mil.cl\/wp-content\/uploads\/acague2.jpg\" alt=\"acague2\" width=\"620\" height=\"413\"><\/a><\/p>\n<p style=\"text-align: justify;\"><span style=\"font-size: 10pt; color: #000000;\">Durante este a\u00f1o, se realiz\u00f3 la cuarta versi\u00f3n del curso Conjunto de Estado Mayor, cuya direcci\u00f3n y coordinaci\u00f3n es de responsabilidad del Estado Mayor Conjunto. Tuvo una duraci\u00f3n de 11 semanas, cont\u00f3 con la participaci\u00f3n de 92 oficiales de las Fuerzas Armadas chilenas, un civil del Ministerio de Defensa y 13 Oficiales extranjeros, representantes de las FF.AA. de Alemania, Argentina, Brasil, Canad\u00e1, Colombia Corea, China, El Salvador y Estados Unidos.<\/span><\/p>\n<p style=\"text-align: justify;\"><span style=\"font-size: 10pt; color: #000000;\"><strong><em>\u201c<\/em><\/strong>El primer lugar del Curso Conjunto de Estado Mayor, lo obtuvo el Capit\u00e1n de Corbeta Federico Cavada Cabach, quien logr\u00f3 las m\u00e1s altas calificaciones de este curso 2019. En la ceremonia, se premi\u00f3 tambi\u00e9n al Mayor Francisco Goic Breton por obtener el segundo lugar del curso y, adem\u00e1s, se le entreg\u00f3 un especial reconocimiento al Mejor Compa\u00f1ero.<\/span><\/p>\n<p style=\"text-align: justify;\"><a href=\"https:\/\/www.emco.mil.cl\/wp-content\/uploads\/acague1.jpg\"><img decoding=\"async\" class=\"aligncenter size-full wp-image-5238\" src=\"https:\/\/www.emco.mil.cl\/wp-content\/uploads\/acague1.jpg\" alt=\"acague1\" width=\"620\" height=\"413\"><\/a><\/p>\n<p style=\"text-align: justify;\"><span style=\"font-size: 10pt; color: #000000;\"><strong><em>\u00abFelicitaciones por haberse graduado de este Curso Conjunto, ustedes al hacerlo dan un paso trascendente en sus carreras que les permitir\u00e1 integrar el Alto Mando de las Fuerzas Armadas, como tambi\u00e9n llegar a ser Comandante en Jefe de cada una de sus instituciones\u201d,<\/em><\/strong> dijo a los presentes el Ministro Espina.<\/span><\/p>\n<p style=\"text-align: justify;\"><span style=\"font-size: 10pt; color: #000000;\">Luego, citando frases del General Eisenhower y de Wiston Churchill, el titular de Defensa coment\u00f3 que&nbsp;<strong><em>\u201cestos dos grandes hombres de la historia mundial, marcaron el camino de la trascendencia del curso que ustedes han hecho y del cual se han graduado con distinci\u00f3n\u201d<\/em><\/strong>.<\/span><\/p>\n<p style=\"text-align: justify;\"><span style=\"font-size: 10pt; color: #000000;\">Los oficiales alumnos fueron sometidos a una intensa malla curricular con materias como Mando y Control de Operaciones militares conjuntas y de conducci\u00f3n de fuerzas militares en operaciones de guerra y distintas a la guerra. En este \u00faltimo caso, se ha dado \u00e9nfasis en la preparaci\u00f3n de los oficiales en la conducci\u00f3n de fuerzas en operaciones ante cat\u00e1strofes y apoyo humanitario.&nbsp;&nbsp; Adem\u00e1s, este curso consider\u00f3 diferentes talleres de mando, uno de ellos es exclusivo en el tema de cat\u00e1strofes, el cual se realiz\u00f3 en la zona austral del pa\u00eds simulando un apoyo humanitario, donde los alumnos pudieron interactuar con las autoridades de gobierno y de emergencia y, de esta forma, fortalecer la capacitaci\u00f3n para conformar los cuarteles generales de emergencia.<\/span><\/p>\n<p style=\"text-align: justify;\"><a href=\"https:\/\/www.emco.mil.cl\/wp-content\/uploads\/acague3.jpg\"><img decoding=\"async\" class=\"aligncenter size-full wp-image-5236\" src=\"https:\/\/www.emco.mil.cl\/wp-content\/uploads\/acague3.jpg\" alt=\"acague3\" width=\"620\" height=\"413\"><\/a><\/p>\n","protected":false},"excerpt":{"rendered":"<p>Este viernes 6 de diciembre, en dependencias de la Academia de Guerra del Ej\u00e9rcito (ACAGUE), se llev\u00f3 a cabo la graduaci\u00f3n del Curso Conjunto del Estado Mayor 2019, ceremonia presidida por el Ministro de Defensa Nacional, Alberto Espina Otero acompa\u00f1ado del Jefe del Estado Mayor Conjunto, Vicealmirante Rodrigo \u00c1lvarez Aguirre y autoridades militares. Durante este&#8230;<\/p>\n","protected":false},"author":5,"featured_media":5823,"comment_status":"closed","ping_status":"closed","sticky":false,"template":"","format":"standard","meta":{"_kad_post_transparent":"","_kad_post_title":"","_kad_post_layout":"","_kad_post_sidebar_id":"","_kad_post_content_style":"","_kad_post_vertical_padding":"","_kad_post_feature":"","_kad_post_feature_position":"","_kad_post_header":false,"_kad_post_footer":false,"footnotes":""},"categories":[15,3],"tags":[],"class_list":["post-5234","post","type-post","status-publish","format-standard","has-post-thumbnail","hentry","category-15","category-noticias"],"_links":{"self":[{"href":"https:\/\/www.emco.mil.cl\/index.php\/wp-json\/wp\/v2\/posts\/5234","targetHints":{"allow":["GET"]}}],"collection":[{"href":"https:\/\/www.emco.mil.cl\/index.php\/wp-json\/wp\/v2\/posts"}],"about":[{"href":"https:\/\/www.emco.mil.cl\/index.php\/wp-json\/wp\/v2\/types\/post"}],"author":[{"embeddable":true,"href":"https:\/\/www.emco.mil.cl\/index.php\/wp-json\/wp\/v2\/users\/5"}],"replies":[{"embeddable":true,"href":"https:\/\/www.emco.mil.cl\/index.php\/wp-json\/wp\/v2\/comments?post=5234"}],"version-history":[{"count":2,"href":"https:\/\/www.emco.mil.cl\/index.php\/wp-json\/wp\/v2\/posts\/5234\/revisions"}],"predecessor-version":[{"id":5882,"href":"https:\/\/www.emco.mil.cl\/index.php\/wp-json\/wp\/v2\/posts\/5234\/revisions\/5882"}],"wp:featuredmedia":[{"embeddable":true,"href":"https:\/\/www.emco.mil.cl\/index.php\/wp-json\/wp\/v2\/media\/5823"}],"wp:attachment":[{"href":"https:\/\/www.emco.mil.cl\/index.php\/wp-json\/wp\/v2\/media?parent=5234"}],"wp:term":[{"taxonomy":"category","embeddable":true,"href":"https:\/\/www.emco.mil.cl\/index.php\/wp-json\/wp\/v2\/categories?post=5234"},{"taxonomy":"post_tag","embeddable":true,"href":"https:\/\/www.emco.mil.cl\/index.php\/wp-json\/wp\/v2\/tags?post=5234"}],"curies":[{"name":"wp","href":"https:\/\/api.w.org\/{rel}","templated":true}]}}