{"id":5223,"date":"2019-12-06T17:46:06","date_gmt":"2019-12-06T17:46:06","guid":{"rendered":"https:\/\/www.emco.mil.cl\/?p=5223"},"modified":"2021-09-28T11:18:49","modified_gmt":"2021-09-28T14:18:49","slug":"termino-del-iii-taller-de-asistencia-humanitaria-y-ayuda-en-desastres-hadr-en-el-ambito-de-la-defensa","status":"publish","type":"post","link":"https:\/\/www.emco.mil.cl\/index.php\/2019\/12\/06\/termino-del-iii-taller-de-asistencia-humanitaria-y-ayuda-en-desastres-hadr-en-el-ambito-de-la-defensa\/","title":{"rendered":"T\u00e9rmino del III Taller de Asistencia Humanitaria y Ayuda en Desastres (HA\/DR) en el \u00e1mbito de la Defensa"},"content":{"rendered":"<p style=\"text-align: justify;\"><span style=\"color: #000000; font-size: 10pt;\">Este 5 de diciembre, en Ciudad de Guatemala, culmin\u00f3 el III Taller de Asistencia Humanitaria y Ayuda en Desastres (HA\/DR) en el \u00e1mbito de la Defensa, sobre el tema de la \u201ccoordinaci\u00f3n civil \u2013 militar en operaciones de b\u00fasqueda y rescate urbano (USAR)\u201d para especialistas directivos uniformados y civiles, organizado y dirigido por la Subsecretar\u00eda de Defensa y el Estado Mayor Conjunto, en coordinaci\u00f3n con el Comando Sur de Estados Unidos USSOUTHCOM y Guatemala como pa\u00eds anfitri\u00f3n.<\/span><\/p>\n<p style=\"text-align: justify;\"><a href=\"https:\/\/www.emco.mil.cl\/wp-content\/uploads\/1-108.jpg\"><img fetchpriority=\"high\" decoding=\"async\" class=\"aligncenter size-full wp-image-5225\" src=\"https:\/\/www.emco.mil.cl\/wp-content\/uploads\/1-108.jpg\" alt=\"1\" width=\"620\" height=\"413\"><\/a><\/p>\n<p style=\"text-align: justify;\"><span style=\"color: #000000; font-size: 10pt;\">La iniciativa internacional de realizar este taller, tuvo como objetivo principal contribuir a generar y consolidar capacidades institucionales y profesionales asociadas a la Coordinaci\u00f3n Civil \u2013 Militar en apoyo a las operaciones de b\u00fasqueda y rescate urbano, donde participaron cerca de 50 invitados de pa\u00edses representados por delegaciones de Chile, Estados Unidos, Guatemala, Belice, Costa Rica, Rep\u00fablica Dominicana, El Salvador, Honduras, Panam\u00e1 y Espa\u00f1a.<\/span><\/p>\n<p style=\"text-align: justify;\"><span style=\"color: #000000; font-size: 10pt;\">Durante el taller, los profesionales civiles y militares de las distintas delegaciones internacionales asistentes tuvieron la oportunidad de dialogar y proporcionar elementos t\u00e9cnicos sobre protocolos y la mejor forma de actuaci\u00f3n en la cooperaci\u00f3n entre organizaciones civiles y uniformadas, en las operaciones de b\u00fasqueda y rescate urbano. Compartieron experiencias respecto de la contribuci\u00f3n de las instituciones de la defensa y seguridad a las instancias de asistencia humanitaria internacional en las operaciones de b\u00fasqueda y rescate urbano.<\/span><\/p>\n<p style=\"text-align: justify;\"><a href=\"https:\/\/www.emco.mil.cl\/wp-content\/uploads\/2-103.jpg\"><img decoding=\"async\" class=\"aligncenter size-full wp-image-5226\" src=\"https:\/\/www.emco.mil.cl\/wp-content\/uploads\/2-103.jpg\" alt=\"2\" width=\"620\" height=\"413\"><\/a><\/p>\n<p style=\"text-align: justify;\"><span style=\"color: #000000; font-size: 10pt;\">El programa realizado, destacaron la contribuci\u00f3n de organizaciones internacionales tales como: el grupo Asesor Internacional de Operaciones de B\u00fasqueda y Rescate INSARAG de Naciones Unidas; la exposici\u00f3n de Bomberos de Chile con las unidades de B\u00fasqueda y Rescate Urbano (USAR); la presentaci\u00f3n de la Agencia Federal para la Gesti\u00f3n de Emergencias (FEMA) de Estados Unidos sobre su organizaci\u00f3n, misi\u00f3n y empleo, experiencias; la Unidad Militar de Emergencias (UME) de Espa\u00f1a; la Oficina Nacional de Emergencias del Ministerio del Interior de Chile (ONEMI); el Centro de Coordinaci\u00f3n para la Prevenci\u00f3n de los Desastres Naturales en Am\u00e9rica Central (CEPREDENAC) como representantes de las Rep\u00fablicas de Costa Rica, El Salvador Guatemala, Honduras, Nicaragua&nbsp; y Panam\u00e1.<\/span><\/p>\n<p style=\"text-align: justify;\"><a href=\"https:\/\/www.emco.mil.cl\/wp-content\/uploads\/6.jpg\"><img decoding=\"async\" class=\"aligncenter size-full wp-image-5231\" src=\"https:\/\/www.emco.mil.cl\/wp-content\/uploads\/6.jpg\" alt=\"6\" width=\"620\" height=\"413\"><\/a><\/p>\n<p style=\"text-align: justify;\"><span style=\"color: #000000; font-size: 10pt;\">Finalmente, Valent\u00edn Segura, representante de la Subsecretaria de Defensa de Chile, junto al representante de Comando Sur de Estados Unidos, Coronel David Strauss, como organizadores del taller indicaron a los presentes que \u201c<strong><em>como conclusi\u00f3n al termino del trabajo en el taller realizado en Guatemala, con la intervenci\u00f3n de todos los organismos y pa\u00edses participantes, se logr\u00f3 identificar algunas falencias y vulnerabilidades en los actuales sistemas que permiten optimizar y mejorar a futuro, la coordinaci\u00f3n de los medios uniformados de Defensa y Seguridad&nbsp; civil en las operaciones de b\u00fasqueda y rescate urbano\u201d.<\/em><\/strong><\/span><\/p>\n<p style=\"text-align: justify;\"><a href=\"https:\/\/www.emco.mil.cl\/wp-content\/uploads\/3-66.jpg\"><img loading=\"lazy\" decoding=\"async\" class=\"aligncenter size-full wp-image-5227\" src=\"https:\/\/www.emco.mil.cl\/wp-content\/uploads\/3-66.jpg\" alt=\"3\" width=\"620\" height=\"413\"><\/a><\/p>\n<p style=\"text-align: justify;\"><a href=\"https:\/\/www.emco.mil.cl\/wp-content\/uploads\/4-22.jpg\"><img loading=\"lazy\" decoding=\"async\" class=\"aligncenter size-full wp-image-5228\" src=\"https:\/\/www.emco.mil.cl\/wp-content\/uploads\/4-22.jpg\" alt=\"4\" width=\"620\" height=\"413\"><\/a><\/p>\n","protected":false},"excerpt":{"rendered":"<p>Este 5 de diciembre, en Ciudad de Guatemala, culmin\u00f3 el III Taller de Asistencia Humanitaria y Ayuda en Desastres (HA\/DR) en el \u00e1mbito de la Defensa, sobre el tema de la \u201ccoordinaci\u00f3n civil \u2013 militar en operaciones de b\u00fasqueda y rescate urbano (USAR)\u201d para especialistas directivos uniformados y civiles, organizado y dirigido por la Subsecretar\u00eda&#8230;<\/p>\n","protected":false},"author":5,"featured_media":5823,"comment_status":"closed","ping_status":"closed","sticky":false,"template":"","format":"standard","meta":{"_kad_post_transparent":"","_kad_post_title":"","_kad_post_layout":"","_kad_post_sidebar_id":"","_kad_post_content_style":"","_kad_post_vertical_padding":"","_kad_post_feature":"","_kad_post_feature_position":"","_kad_post_header":false,"_kad_post_footer":false,"footnotes":""},"categories":[15,3],"tags":[],"class_list":["post-5223","post","type-post","status-publish","format-standard","has-post-thumbnail","hentry","category-15","category-noticias"],"_links":{"self":[{"href":"https:\/\/www.emco.mil.cl\/index.php\/wp-json\/wp\/v2\/posts\/5223","targetHints":{"allow":["GET"]}}],"collection":[{"href":"https:\/\/www.emco.mil.cl\/index.php\/wp-json\/wp\/v2\/posts"}],"about":[{"href":"https:\/\/www.emco.mil.cl\/index.php\/wp-json\/wp\/v2\/types\/post"}],"author":[{"embeddable":true,"href":"https:\/\/www.emco.mil.cl\/index.php\/wp-json\/wp\/v2\/users\/5"}],"replies":[{"embeddable":true,"href":"https:\/\/www.emco.mil.cl\/index.php\/wp-json\/wp\/v2\/comments?post=5223"}],"version-history":[{"count":2,"href":"https:\/\/www.emco.mil.cl\/index.php\/wp-json\/wp\/v2\/posts\/5223\/revisions"}],"predecessor-version":[{"id":5883,"href":"https:\/\/www.emco.mil.cl\/index.php\/wp-json\/wp\/v2\/posts\/5223\/revisions\/5883"}],"wp:featuredmedia":[{"embeddable":true,"href":"https:\/\/www.emco.mil.cl\/index.php\/wp-json\/wp\/v2\/media\/5823"}],"wp:attachment":[{"href":"https:\/\/www.emco.mil.cl\/index.php\/wp-json\/wp\/v2\/media?parent=5223"}],"wp:term":[{"taxonomy":"category","embeddable":true,"href":"https:\/\/www.emco.mil.cl\/index.php\/wp-json\/wp\/v2\/categories?post=5223"},{"taxonomy":"post_tag","embeddable":true,"href":"https:\/\/www.emco.mil.cl\/index.php\/wp-json\/wp\/v2\/tags?post=5223"}],"curies":[{"name":"wp","href":"https:\/\/api.w.org\/{rel}","templated":true}]}}