{"id":5213,"date":"2019-12-06T17:11:47","date_gmt":"2019-12-06T17:11:47","guid":{"rendered":"https:\/\/www.emco.mil.cl\/?p=5213"},"modified":"2021-09-28T11:19:16","modified_gmt":"2021-09-28T14:19:16","slug":"condecoracion-al-personal-del-estado-mayor-conjunto-combinado-cruz-del-sur","status":"publish","type":"post","link":"https:\/\/www.emco.mil.cl\/index.php\/2019\/12\/06\/condecoracion-al-personal-del-estado-mayor-conjunto-combinado-cruz-del-sur\/","title":{"rendered":"Condecoraci\u00f3n al personal del Estado Mayor Conjunto Combinado \u201cCruz del Sur\u201d"},"content":{"rendered":"<p><span style=\"font-size: 10pt; color: #000000;\">Este jueves 5 de diciembre, en dependencias del Centro Argentino de Entrenamiento Conjunto de Operaciones de Paz, en Campo de Mayo, Buenos Aires, Argentina, se llev\u00f3 a cabo la ceremonia de imposici\u00f3n de la condecoraci\u00f3n \u201cOrden a los Servicios Distinguidos al M\u00e9rito\u201d al personal chileno que integra el Estado Mayor Conjunto Combinado de la FPC \u201cCruz del Sur\u201d, distinci\u00f3n concedida por el Jefe del Estado Mayor Conjunto de las FF.AA. argentinas, Teniente General VGM Bari del Valle Sosa.<\/span><\/p>\n<p style=\"text-align: justify;\"><span style=\"font-size: 10pt; color: #000000;\"><a style=\"color: #000000;\" href=\"https:\/\/www.emco.mil.cl\/wp-content\/uploads\/23456-1.jpg\"><img fetchpriority=\"high\" decoding=\"async\" class=\"aligncenter size-full wp-image-5216\" src=\"https:\/\/www.emco.mil.cl\/wp-content\/uploads\/23456-1.jpg\" alt=\"23456\" width=\"620\" height=\"413\"><\/a><\/span><\/p>\n<p style=\"text-align: justify;\"><span style=\"font-size: 10pt; color: #000000;\">La ceremonia fue presidida por el Comandante Operacional de las Fuerzas Armadas argentinas, General de Divisi\u00f3n Carlos P\u00e9rez Aquino y cont\u00f3 con la participaci\u00f3n de autoridades militares del Comando Operacional de las FF.AA. del pa\u00eds vecino, Agregados Defensa de Chile en Argentina y las familias del personal que recibi\u00f3 esta distinci\u00f3n.<\/span><\/p>\n<p style=\"text-align: justify;\"><strong><span style=\"font-size: 10pt; color: #000000;\">Personal condecorado:<\/span><\/strong><\/p>\n<p style=\"text-align: justify;\"><span style=\"font-size: 10pt; color: #000000;\">Capit\u00e1n de Nav\u00edo Rodrigo Graff Araneda<\/span><br \/>\n<span style=\"font-size: 10pt; color: #000000;\">Teniente Coronel Ricardo Mu\u00f1oz Alveal<\/span><br \/>\n<span style=\"font-size: 10pt; color: #000000;\">Capit\u00e1n de Fragata IM Alexis Garc\u00e9s Mellado<\/span><br \/>\n<span style=\"font-size: 10pt; color: #000000;\">Comandante de Grupo (DA) Rodrigo Herrera Monasterio<\/span><br \/>\n<span style=\"font-size: 10pt; color: #000000;\">Sargento 1\u00ba Pedro Sanhueza Jara<\/span><\/p>\n<p><a href=\"https:\/\/www.emco.mil.cl\/wp-content\/uploads\/1234-1.jpg\"><img decoding=\"async\" class=\"aligncenter size-full wp-image-5215\" src=\"https:\/\/www.emco.mil.cl\/wp-content\/uploads\/1234-1.jpg\" alt=\"1234\" width=\"620\" height=\"413\"><\/a><\/p>\n","protected":false},"excerpt":{"rendered":"<p>Este jueves 5 de diciembre, en dependencias del Centro Argentino de Entrenamiento Conjunto de Operaciones de Paz, en Campo de Mayo, Buenos Aires, Argentina, se llev\u00f3 a cabo la ceremonia de imposici\u00f3n de la condecoraci\u00f3n \u201cOrden a los Servicios Distinguidos al M\u00e9rito\u201d al personal chileno que integra el Estado Mayor Conjunto Combinado de la FPC&#8230;<\/p>\n","protected":false},"author":5,"featured_media":5823,"comment_status":"closed","ping_status":"closed","sticky":false,"template":"","format":"standard","meta":{"_kad_post_transparent":"","_kad_post_title":"","_kad_post_layout":"","_kad_post_sidebar_id":"","_kad_post_content_style":"","_kad_post_vertical_padding":"","_kad_post_feature":"","_kad_post_feature_position":"","_kad_post_header":false,"_kad_post_footer":false,"footnotes":""},"categories":[15,3],"tags":[],"class_list":["post-5213","post","type-post","status-publish","format-standard","has-post-thumbnail","hentry","category-15","category-noticias"],"_links":{"self":[{"href":"https:\/\/www.emco.mil.cl\/index.php\/wp-json\/wp\/v2\/posts\/5213","targetHints":{"allow":["GET"]}}],"collection":[{"href":"https:\/\/www.emco.mil.cl\/index.php\/wp-json\/wp\/v2\/posts"}],"about":[{"href":"https:\/\/www.emco.mil.cl\/index.php\/wp-json\/wp\/v2\/types\/post"}],"author":[{"embeddable":true,"href":"https:\/\/www.emco.mil.cl\/index.php\/wp-json\/wp\/v2\/users\/5"}],"replies":[{"embeddable":true,"href":"https:\/\/www.emco.mil.cl\/index.php\/wp-json\/wp\/v2\/comments?post=5213"}],"version-history":[{"count":2,"href":"https:\/\/www.emco.mil.cl\/index.php\/wp-json\/wp\/v2\/posts\/5213\/revisions"}],"predecessor-version":[{"id":5884,"href":"https:\/\/www.emco.mil.cl\/index.php\/wp-json\/wp\/v2\/posts\/5213\/revisions\/5884"}],"wp:featuredmedia":[{"embeddable":true,"href":"https:\/\/www.emco.mil.cl\/index.php\/wp-json\/wp\/v2\/media\/5823"}],"wp:attachment":[{"href":"https:\/\/www.emco.mil.cl\/index.php\/wp-json\/wp\/v2\/media?parent=5213"}],"wp:term":[{"taxonomy":"category","embeddable":true,"href":"https:\/\/www.emco.mil.cl\/index.php\/wp-json\/wp\/v2\/categories?post=5213"},{"taxonomy":"post_tag","embeddable":true,"href":"https:\/\/www.emco.mil.cl\/index.php\/wp-json\/wp\/v2\/tags?post=5213"}],"curies":[{"name":"wp","href":"https:\/\/api.w.org\/{rel}","templated":true}]}}