{"id":5202,"date":"2019-12-04T19:05:30","date_gmt":"2019-12-04T19:05:30","guid":{"rendered":"https:\/\/www.emco.mil.cl\/?p=5202"},"modified":"2021-09-28T11:19:48","modified_gmt":"2021-09-28T14:19:48","slug":"inicio-programa-del-iii-taller-de-asistencia-humanitaria-y-ayuda-en-desastres-hadr-en-el-ambito-de-la-defensa","status":"publish","type":"post","link":"https:\/\/www.emco.mil.cl\/index.php\/2019\/12\/04\/inicio-programa-del-iii-taller-de-asistencia-humanitaria-y-ayuda-en-desastres-hadr-en-el-ambito-de-la-defensa\/","title":{"rendered":"Inicio programa del III Taller de Asistencia Humanitaria y Ayuda en Desastres (HA\/DR) en el \u00e1mbito de la Defensa"},"content":{"rendered":"<p><span style=\"color: #000000; font-size: 10pt;\">En Ciudad de Guatemala, este martes 3 de diciembre, la Subsecretaria de Defensa y el Estado Mayor Conjunto, bajo la direcci\u00f3n de personal especialista de Chile, en coordinaci\u00f3n con el Comando Sur de Estados Unidos (USSOUTHCOM) y siendo Guatemala el pa\u00eds anfitri\u00f3n de esta iniciativa internacional, se dio inicio al programa del III Taller de Asistencia Humanitaria y Ayuda en Desastres (HA\/DR) en el \u00e1mbito de la Defensa para la coordinaci\u00f3n civil \u2013 militar en operaciones de b\u00fasqueda y rescate urbano (USAR) para especialistas directivos uniformados y civiles.<\/span><\/p>\n<p style=\"text-align: justify;\"><span style=\"color: #000000; font-size: 10pt;\">La ceremonia de inauguraci\u00f3n fue presidida por el Embajador de Chile en Guatemala, Javier Becker Marshall, cont\u00f3 con la presencia del Jefe de Estado Mayor de la Defensa Nacional de Guatemala, General de Divisi\u00f3n Albin Enrique Dubois Ram\u00edrez, el representante de Comando Sur de Estados Unidos, Coronel David Strauss y el representante de la Subsecretaria de Defensa,&nbsp; Valent\u00edn Segura Flores, quienes destacaron la realizaci\u00f3n del taller y la cooperaci\u00f3n internacional a contribuir en los aspectos de seguridad para la ayuda ante desastres naturales y asistencia humanitaria.&nbsp;<\/span><\/p>\n<p style=\"text-align: justify;\"><span style=\"color: #000000; font-size: 10pt;\"><a style=\"color: #000000;\" href=\"https:\/\/www.emco.mil.cl\/wp-content\/uploads\/Sin-t\u00edtulo-5.jpg\"><img fetchpriority=\"high\" decoding=\"async\" class=\"aligncenter size-full wp-image-5207\" src=\"https:\/\/www.emco.mil.cl\/wp-content\/uploads\/Sin-t\u00edtulo-5.jpg\" alt=\"Sin t\u00edtulo-5\" width=\"620\" height=\"413\"><\/a><\/span><\/p>\n<p style=\"text-align: justify;\"><span style=\"color: #000000; font-size: 10pt;\"> <a style=\"color: #000000;\" href=\"https:\/\/www.emco.mil.cl\/wp-content\/uploads\/Sin-t\u00edtulo-6.jpg\"><img decoding=\"async\" class=\"aligncenter size-full wp-image-5208\" src=\"https:\/\/www.emco.mil.cl\/wp-content\/uploads\/Sin-t\u00edtulo-6.jpg\" alt=\"Sin t\u00edtulo-6\" width=\"620\" height=\"413\"><\/a><\/span><\/p>\n<p style=\"text-align: justify;\"><span style=\"color: #000000; font-size: 10pt;\"> <a style=\"color: #000000;\" href=\"https:\/\/www.emco.mil.cl\/wp-content\/uploads\/Sin-t\u00edtulo-7.jpg\"><img decoding=\"async\" class=\"aligncenter size-full wp-image-5209\" src=\"https:\/\/www.emco.mil.cl\/wp-content\/uploads\/Sin-t\u00edtulo-7.jpg\" alt=\"Sin t\u00edtulo-7\" width=\"620\" height=\"413\"><\/a><\/span><\/p>\n<p style=\"text-align: justify;\"><span style=\"color: #000000; font-size: 10pt;\">El taller tiene como objetivo contribuir a generar y consolidar capacidades institucionales y profesionales asociadas a la coordinaci\u00f3n civil \u2013 militar en apoyo a las operaciones de b\u00fasqueda y rescate urbano, que se plantean como desaf\u00edo para el sector de la Defensa y Seguridad Civil, donde participan cerca de 50 invitados de diferentes pa\u00edses con delegaciones de Chile, Estados Unidos, Guatemala, Belice, Costa Rica, Rep\u00fablica Dominicana, El Salvador, Honduras, Panam\u00e1 y Espa\u00f1a. As\u00ed como tambi\u00e9n, entidades regionales e internacionales vinculadas a la asistencia humanitaria en desastres en apoyo a las operaciones de b\u00fasqueda y rescate urbano, tales como el grupo Asesor Internacional de Operaciones de B\u00fasqueda y Rescate (INSARAG).<\/span><\/p>\n<p style=\"text-align: justify;\"><span style=\"color: #000000; font-size: 10pt;\"><a style=\"color: #000000;\" href=\"https:\/\/www.emco.mil.cl\/wp-content\/uploads\/Sin-t\u00edtulo-4.jpg\"><img loading=\"lazy\" decoding=\"async\" class=\"aligncenter size-full wp-image-5206\" src=\"https:\/\/www.emco.mil.cl\/wp-content\/uploads\/Sin-t\u00edtulo-4.jpg\" alt=\"Sin t\u00edtulo-4\" width=\"620\" height=\"413\"><\/a><\/span><\/p>\n<p style=\"text-align: justify;\"><span style=\"color: #000000; font-size: 10pt;\">Durante las jornadas, entre el 3 y 5 de diciembre, se efectuar\u00e1n exposiciones con la organizaci\u00f3n, misi\u00f3n, funcionamiento, experiencias y documentaci\u00f3n regulatoria de las delegaciones presentes. Se destaca, entre las exposiciones, la presentaci\u00f3n del Presidente Nacional de Bomberos de Chile, Ra\u00fal Bustos. Tambi\u00e9n, se organizan grupos de trabajos para dialogar y proporcionar elementos t\u00e9cnicos y protocolos sobre la mejor forma de actuaci\u00f3n y\/o cooperaci\u00f3n entre organizaciones civiles y uniformadas en las operaciones de b\u00fasqueda y rescate urbano entre los diferentes organismos internacionales y delegaciones presentes, donde el delegado chileno de la Oficina Nacional de Emergencia del Ministerio del Interior, Claudio Aldea quien aport\u00f3 con las experiencias y lecciones aprendidas de la ONEMI en el \u00faltimo tiempo.<\/span><\/p>\n<p><a href=\"https:\/\/www.emco.mil.cl\/wp-content\/uploads\/Sin-t\u00edtulo-2-5.jpg\"><img loading=\"lazy\" decoding=\"async\" class=\"aligncenter size-full wp-image-5204\" src=\"https:\/\/www.emco.mil.cl\/wp-content\/uploads\/Sin-t\u00edtulo-2-5.jpg\" alt=\"Sin t\u00edtulo-2\" width=\"620\" height=\"413\"><\/a><\/p>\n","protected":false},"excerpt":{"rendered":"<p>En Ciudad de Guatemala, este martes 3 de diciembre, la Subsecretaria de Defensa y el Estado Mayor Conjunto, bajo la direcci\u00f3n de personal especialista de Chile, en coordinaci\u00f3n con el Comando Sur de Estados Unidos (USSOUTHCOM) y siendo Guatemala el pa\u00eds anfitri\u00f3n de esta iniciativa internacional, se dio inicio al programa del III Taller de&#8230;<\/p>\n","protected":false},"author":5,"featured_media":5823,"comment_status":"closed","ping_status":"closed","sticky":false,"template":"","format":"standard","meta":{"_kad_post_transparent":"","_kad_post_title":"","_kad_post_layout":"","_kad_post_sidebar_id":"","_kad_post_content_style":"","_kad_post_vertical_padding":"","_kad_post_feature":"","_kad_post_feature_position":"","_kad_post_header":false,"_kad_post_footer":false,"footnotes":""},"categories":[15,3],"tags":[],"class_list":["post-5202","post","type-post","status-publish","format-standard","has-post-thumbnail","hentry","category-15","category-noticias"],"_links":{"self":[{"href":"https:\/\/www.emco.mil.cl\/index.php\/wp-json\/wp\/v2\/posts\/5202","targetHints":{"allow":["GET"]}}],"collection":[{"href":"https:\/\/www.emco.mil.cl\/index.php\/wp-json\/wp\/v2\/posts"}],"about":[{"href":"https:\/\/www.emco.mil.cl\/index.php\/wp-json\/wp\/v2\/types\/post"}],"author":[{"embeddable":true,"href":"https:\/\/www.emco.mil.cl\/index.php\/wp-json\/wp\/v2\/users\/5"}],"replies":[{"embeddable":true,"href":"https:\/\/www.emco.mil.cl\/index.php\/wp-json\/wp\/v2\/comments?post=5202"}],"version-history":[{"count":2,"href":"https:\/\/www.emco.mil.cl\/index.php\/wp-json\/wp\/v2\/posts\/5202\/revisions"}],"predecessor-version":[{"id":5885,"href":"https:\/\/www.emco.mil.cl\/index.php\/wp-json\/wp\/v2\/posts\/5202\/revisions\/5885"}],"wp:featuredmedia":[{"embeddable":true,"href":"https:\/\/www.emco.mil.cl\/index.php\/wp-json\/wp\/v2\/media\/5823"}],"wp:attachment":[{"href":"https:\/\/www.emco.mil.cl\/index.php\/wp-json\/wp\/v2\/media?parent=5202"}],"wp:term":[{"taxonomy":"category","embeddable":true,"href":"https:\/\/www.emco.mil.cl\/index.php\/wp-json\/wp\/v2\/categories?post=5202"},{"taxonomy":"post_tag","embeddable":true,"href":"https:\/\/www.emco.mil.cl\/index.php\/wp-json\/wp\/v2\/tags?post=5202"}],"curies":[{"name":"wp","href":"https:\/\/api.w.org\/{rel}","templated":true}]}}