{"id":5193,"date":"2019-12-03T19:10:45","date_gmt":"2019-12-03T19:10:45","guid":{"rendered":"https:\/\/www.emco.mil.cl\/?p=5193"},"modified":"2021-09-28T11:20:16","modified_gmt":"2021-09-28T14:20:16","slug":"estado-mayor-conjunto-despide-contingente-chileno-destinado-a-mision-de-paz-en-bosnia-y-herzegovina","status":"publish","type":"post","link":"https:\/\/www.emco.mil.cl\/index.php\/2019\/12\/03\/estado-mayor-conjunto-despide-contingente-chileno-destinado-a-mision-de-paz-en-bosnia-y-herzegovina\/","title":{"rendered":"Estado Mayor Conjunto despide contingente chileno destinado a Misi\u00f3n de Paz en Bosnia y Herzegovina"},"content":{"rendered":"<p style=\"text-align: justify;\"><span style=\"font-size: 10pt; color: #000000;\">Esta ma\u00f1ana, el Subjefe del Estado Mayor Conjunto, General de Aviaci\u00f3n Albert Widmer Thomas, recibi\u00f3 al personal de Ej\u00e9rcito que se desplegar\u00e1 para integrarse a la Operaci\u00f3n de mantenimiento de la paz de la Uni\u00f3n Europea en Bosnia y Herzegovina, CHILFOR 32.<\/span><\/p>\n<p style=\"text-align: justify;\"><a href=\"https:\/\/www.emco.mil.cl\/wp-content\/uploads\/2222222234434324.jpg\"><img fetchpriority=\"high\" decoding=\"async\" class=\"aligncenter size-full wp-image-5198\" src=\"https:\/\/www.emco.mil.cl\/wp-content\/uploads\/2222222234434324.jpg\" alt=\"2222222234434324\" width=\"620\" height=\"413\"><\/a><\/p>\n<p style=\"text-align: justify;\"><span style=\"font-size: 10pt; color: #000000;\">El GAV Widmer, le dedic\u00f3 algunas palabras al contingente, dese\u00e1ndoles un buen viaje y \u00e9xito en su misi\u00f3n, <strong><em>\u201custedes participar\u00e1n de una operaci\u00f3n que, sin duda, ser\u00e1 una de las m\u00e1s motivadora para su carrera, sobre todo porque ir\u00e1n a un \u00e1rea donde hubo operaciones de lo que es la guerra moderna. Ah\u00ed estar\u00e1n trabajando y cumpliendo con tareas y funciones important\u00edsimas\u201d.<\/em><\/strong><\/span><\/p>\n<p style=\"text-align: justify;\"><a href=\"https:\/\/www.emco.mil.cl\/wp-content\/uploads\/121113123213.jpg\"><img decoding=\"async\" class=\"aligncenter size-full wp-image-5196\" src=\"https:\/\/www.emco.mil.cl\/wp-content\/uploads\/121113123213.jpg\" alt=\"121113123213\" width=\"620\" height=\"413\"><\/a><\/p>\n<p style=\"text-align: justify;\"><span style=\"font-size: 10pt; color: #000000;\">Luego, el personal de Ej\u00e9rcito que se desplegar\u00e1 a la EUFOR Althea se present\u00f3 al Contraalmirante Pablo Niemann Figari, Director de Operaciones y Conducci\u00f3n Conjunta (DOPCON), quien les record\u00f3 la importancia de la presencia chilena en esta operaci\u00f3n, <strong><em>\u201custedes no solo representan a su instituci\u00f3n, sino que representan al pa\u00eds. \u00c9sta es una oportunidad profesional \u00fanica, ser\u00e1n parte importante y contribuyente en la cooperaci\u00f3n internacional, siendo una tarea de tremenda relevancia\u201d.<\/em><\/strong>&nbsp;&nbsp; &nbsp;<\/span><\/p>\n<p style=\"text-align: justify;\"><a href=\"https:\/\/www.emco.mil.cl\/wp-content\/uploads\/2222222.jpg\"><img decoding=\"async\" class=\"aligncenter size-full wp-image-5197\" src=\"https:\/\/www.emco.mil.cl\/wp-content\/uploads\/2222222.jpg\" alt=\"2222222\" width=\"620\" height=\"413\"><\/a><\/p>\n<p style=\"text-align: justify;\"><span style=\"font-size: 10pt; color: #000000;\"><strong><em>\u201cTuve la suerte de participar de esta misi\u00f3n el 2008, si bien la misi\u00f3n ha evolucionado, se trabaja con menos personal y el pa\u00eds est\u00e1 m\u00e1s calmo, pero las funciones que realizaremos son del m\u00e1s alto nivel y code\u00e1ndonos con una selecci\u00f3n importante de pa\u00edses de Europa. Es un trabajo muy interesante a realizar y es un gran desaf\u00edo a la hora de probar nuestros conocimientos, la doctrina OTAN que nosotros hemos adaptado, el sistema de planificaci\u00f3n militar, comprob\u00e1ndolo emp\u00edricamente en un ambiente biling\u00fce, con ej\u00e9rcitos de lo m\u00e1s avanzado de Europa\u201d,<\/em><\/strong> dijo el Comandante de CHILFOR 32, Teniente Coronel Alejandro Pliscoff Castillo.<\/span><\/p>\n<p style=\"text-align: justify;\"><span style=\"font-size: 10pt; color: #000000;\">En esta misi\u00f3n participa un total de 18 naciones, siendo Chile el \u00fanico pa\u00eds Latinoamericano, que desde el a\u00f1o 2005, colabora activamente con 16 efectivos del Ej\u00e9rcito, que son relevados cada 8 meses, desempe\u00f1\u00e1ndose en el Cuartel General en la ciudad de Sarajevo y equipos de observaci\u00f3n y enlace (Casa LOT) en la ciudad de Banja Luka.<\/span><\/p>\n","protected":false},"excerpt":{"rendered":"<p>Esta ma\u00f1ana, el Subjefe del Estado Mayor Conjunto, General de Aviaci\u00f3n Albert Widmer Thomas, recibi\u00f3 al personal de Ej\u00e9rcito que se desplegar\u00e1 para integrarse a la Operaci\u00f3n de mantenimiento de la paz de la Uni\u00f3n Europea en Bosnia y Herzegovina, CHILFOR 32. El GAV Widmer, le dedic\u00f3 algunas palabras al contingente, dese\u00e1ndoles un buen viaje&#8230;<\/p>\n","protected":false},"author":5,"featured_media":5823,"comment_status":"closed","ping_status":"closed","sticky":false,"template":"","format":"standard","meta":{"_kad_post_transparent":"","_kad_post_title":"","_kad_post_layout":"","_kad_post_sidebar_id":"","_kad_post_content_style":"","_kad_post_vertical_padding":"","_kad_post_feature":"","_kad_post_feature_position":"","_kad_post_header":false,"_kad_post_footer":false,"footnotes":""},"categories":[15,3],"tags":[],"class_list":["post-5193","post","type-post","status-publish","format-standard","has-post-thumbnail","hentry","category-15","category-noticias"],"_links":{"self":[{"href":"https:\/\/www.emco.mil.cl\/index.php\/wp-json\/wp\/v2\/posts\/5193","targetHints":{"allow":["GET"]}}],"collection":[{"href":"https:\/\/www.emco.mil.cl\/index.php\/wp-json\/wp\/v2\/posts"}],"about":[{"href":"https:\/\/www.emco.mil.cl\/index.php\/wp-json\/wp\/v2\/types\/post"}],"author":[{"embeddable":true,"href":"https:\/\/www.emco.mil.cl\/index.php\/wp-json\/wp\/v2\/users\/5"}],"replies":[{"embeddable":true,"href":"https:\/\/www.emco.mil.cl\/index.php\/wp-json\/wp\/v2\/comments?post=5193"}],"version-history":[{"count":2,"href":"https:\/\/www.emco.mil.cl\/index.php\/wp-json\/wp\/v2\/posts\/5193\/revisions"}],"predecessor-version":[{"id":5886,"href":"https:\/\/www.emco.mil.cl\/index.php\/wp-json\/wp\/v2\/posts\/5193\/revisions\/5886"}],"wp:featuredmedia":[{"embeddable":true,"href":"https:\/\/www.emco.mil.cl\/index.php\/wp-json\/wp\/v2\/media\/5823"}],"wp:attachment":[{"href":"https:\/\/www.emco.mil.cl\/index.php\/wp-json\/wp\/v2\/media?parent=5193"}],"wp:term":[{"taxonomy":"category","embeddable":true,"href":"https:\/\/www.emco.mil.cl\/index.php\/wp-json\/wp\/v2\/categories?post=5193"},{"taxonomy":"post_tag","embeddable":true,"href":"https:\/\/www.emco.mil.cl\/index.php\/wp-json\/wp\/v2\/tags?post=5193"}],"curies":[{"name":"wp","href":"https:\/\/api.w.org\/{rel}","templated":true}]}}