{"id":5183,"date":"2019-11-29T14:19:30","date_gmt":"2019-11-29T14:19:30","guid":{"rendered":"https:\/\/www.emco.mil.cl\/?p=5183"},"modified":"2021-09-28T11:20:51","modified_gmt":"2021-09-28T14:20:51","slug":"despliegue-oficial-de-ejercito-a-mision-de-paz-en-india-pakistan-2","status":"publish","type":"post","link":"https:\/\/www.emco.mil.cl\/index.php\/2019\/11\/29\/despliegue-oficial-de-ejercito-a-mision-de-paz-en-india-pakistan-2\/","title":{"rendered":"Despliegue Oficial de Ej\u00e9rcito a Misi\u00f3n de Paz en India \u2013 Pakist\u00e1n"},"content":{"rendered":"<p><span style=\"font-size: 10pt; color: #000000;\">Esta ma\u00f1ana, en dependencias de la Direcci\u00f3n de Operaciones y Conducci\u00f3n Conjunta (DOPCON) del Estado Mayor Conjunto, el Contraalmirante Pablo Niemann Figari, recibi\u00f3 al Capit\u00e1n de Ej\u00e9rcito Jos\u00e9 Miguel Arancibia Pietrantoni, quien se desempe\u00f1ar\u00e1 por 12 meses como Observador Militar en la Misi\u00f3n de Mantenimiento de la paz en India y Pakist\u00e1n (UNMOGIP).<\/span><\/p>\n<p style=\"text-align: justify;\"><span style=\"font-size: 10pt; color: #000000;\"><strong><em>\u201cSi bien es un conflicto que lleva mucho tiempo, espero poder colaborar de la mejor manera y compartir y relacionarme con otras culturas, aprender de sus visiones y poder inyectar c\u00f3mo nosotros enfrentamos estas situaciones como pa\u00eds. Es un gran desaf\u00edo y un orgullo, creo que cualquier Oficial le gustar\u00eda estar en esta posici\u00f3n, s\u00e9 que ser\u00e1 una experiencia muy positiva para mi carrera\u201d,<\/em><\/strong> coment\u00f3 el Capit\u00e1n Arancibia.<\/span><\/p>\n<p style=\"text-align: justify;\"><span style=\"font-size: 10pt; color: #000000;\">El Grupo de Observadores Militares de Naciones Unidas, fue creado en 1949 con el objetivo de supervisar el alto al fuego acordado entre India y Pakist\u00e1n, en el Estado de Jammu y Kashmir. Desde la reanudaci\u00f3n de los enfrentamientos en 1971, la misi\u00f3n supervisa el alto al fuego al que apela el Consejo de Seguridad de Naciones Unidas (CSNU).<\/span><\/p>\n<p style=\"text-align: justify;\"><span style=\"font-size: 10pt; color: #000000;\">En la actualidad, Chile contribuye a esta misi\u00f3n con un Oficial de Ej\u00e9rcito y uno de la Fuerza A\u00e9rea, a quienes les corresponde permanecer en las diferentes estaciones a lo largo de L\u00ednea de Control.<\/span><\/p>\n<p style=\"text-align: justify;\"><a href=\"https:\/\/www.emco.mil.cl\/wp-content\/uploads\/21323445.jpg\"><img fetchpriority=\"high\" decoding=\"async\" class=\"aligncenter size-full wp-image-5185\" src=\"https:\/\/www.emco.mil.cl\/wp-content\/uploads\/21323445.jpg\" alt=\"21323445\" width=\"620\" height=\"413\"><\/a><\/p>\n","protected":false},"excerpt":{"rendered":"<p>Esta ma\u00f1ana, en dependencias de la Direcci\u00f3n de Operaciones y Conducci\u00f3n Conjunta (DOPCON) del Estado Mayor Conjunto, el Contraalmirante Pablo Niemann Figari, recibi\u00f3 al Capit\u00e1n de Ej\u00e9rcito Jos\u00e9 Miguel Arancibia Pietrantoni, quien se desempe\u00f1ar\u00e1 por 12 meses como Observador Militar en la Misi\u00f3n de Mantenimiento de la paz en India y Pakist\u00e1n (UNMOGIP). \u201cSi bien&#8230;<\/p>\n","protected":false},"author":5,"featured_media":5823,"comment_status":"closed","ping_status":"closed","sticky":false,"template":"","format":"standard","meta":{"_kad_post_transparent":"","_kad_post_title":"","_kad_post_layout":"","_kad_post_sidebar_id":"","_kad_post_content_style":"","_kad_post_vertical_padding":"","_kad_post_feature":"","_kad_post_feature_position":"","_kad_post_header":false,"_kad_post_footer":false,"footnotes":""},"categories":[15,3],"tags":[],"class_list":["post-5183","post","type-post","status-publish","format-standard","has-post-thumbnail","hentry","category-15","category-noticias"],"_links":{"self":[{"href":"https:\/\/www.emco.mil.cl\/index.php\/wp-json\/wp\/v2\/posts\/5183","targetHints":{"allow":["GET"]}}],"collection":[{"href":"https:\/\/www.emco.mil.cl\/index.php\/wp-json\/wp\/v2\/posts"}],"about":[{"href":"https:\/\/www.emco.mil.cl\/index.php\/wp-json\/wp\/v2\/types\/post"}],"author":[{"embeddable":true,"href":"https:\/\/www.emco.mil.cl\/index.php\/wp-json\/wp\/v2\/users\/5"}],"replies":[{"embeddable":true,"href":"https:\/\/www.emco.mil.cl\/index.php\/wp-json\/wp\/v2\/comments?post=5183"}],"version-history":[{"count":1,"href":"https:\/\/www.emco.mil.cl\/index.php\/wp-json\/wp\/v2\/posts\/5183\/revisions"}],"predecessor-version":[{"id":5887,"href":"https:\/\/www.emco.mil.cl\/index.php\/wp-json\/wp\/v2\/posts\/5183\/revisions\/5887"}],"wp:featuredmedia":[{"embeddable":true,"href":"https:\/\/www.emco.mil.cl\/index.php\/wp-json\/wp\/v2\/media\/5823"}],"wp:attachment":[{"href":"https:\/\/www.emco.mil.cl\/index.php\/wp-json\/wp\/v2\/media?parent=5183"}],"wp:term":[{"taxonomy":"category","embeddable":true,"href":"https:\/\/www.emco.mil.cl\/index.php\/wp-json\/wp\/v2\/categories?post=5183"},{"taxonomy":"post_tag","embeddable":true,"href":"https:\/\/www.emco.mil.cl\/index.php\/wp-json\/wp\/v2\/tags?post=5183"}],"curies":[{"name":"wp","href":"https:\/\/api.w.org\/{rel}","templated":true}]}}