{"id":5160,"date":"2019-11-19T17:09:32","date_gmt":"2019-11-19T17:09:32","guid":{"rendered":"https:\/\/www.emco.mil.cl\/?p=5160"},"modified":"2021-09-28T11:22:58","modified_gmt":"2021-09-28T14:22:58","slug":"i-reunion-de-doctrina-entre-el-estado-mayor-de-la-defensa-de-espana-y-el-estado-mayor-conjunto-de-chile","status":"publish","type":"post","link":"https:\/\/www.emco.mil.cl\/index.php\/2019\/11\/19\/i-reunion-de-doctrina-entre-el-estado-mayor-de-la-defensa-de-espana-y-el-estado-mayor-conjunto-de-chile\/","title":{"rendered":"I Reuni\u00f3n de Doctrina entre el Estado Mayor de la Defensa de Espa\u00f1a y el Estado Mayor Conjunto de Chile"},"content":{"rendered":"<p style=\"text-align: justify;\"><span style=\"color: #000000; font-size: 10pt;\">Entre el 11 y 15 de noviembre, en la Direcci\u00f3n de Educaci\u00f3n, Doctrina y Entrenamiento Conjunto, del EMCO, se llev\u00f3 a cabo la I reuni\u00f3n de intercambio de Doctrina entre Chile y Espa\u00f1a, de acuerdo a lo acordado en la II Reuni\u00f3n Bilateral de Estados Mayores Conjunto entre Chile y Espa\u00f1a realizada el 2018.<\/span><\/p>\n<p style=\"text-align: justify;\"><span style=\"color: #000000; font-size: 10pt;\">La reuni\u00f3n tuvo como objetivo el traspaso de experiencias en la elaboraci\u00f3n de Doctrina Conjunta de ambos pa\u00edses, como tambi\u00e9n las \u00e1reas de cat\u00e1strofe y entrenamiento conjunto.<\/span><\/p>\n<p style=\"text-align: justify;\"><a href=\"https:\/\/www.emco.mil.cl\/wp-content\/uploads\/123-5.jpg\"><img fetchpriority=\"high\" decoding=\"async\" class=\"aligncenter size-full wp-image-5163\" src=\"https:\/\/www.emco.mil.cl\/wp-content\/uploads\/123-5.jpg\" alt=\"123\" width=\"620\" height=\"413\"><\/a><\/p>\n<p style=\"text-align: justify;\"><span style=\"color: #000000; font-size: 10pt;\">En esta actividad particip\u00f3, por parte de Espa\u00f1a, el Capit\u00e1n de Fragata Fernando Ria\u00f1o Echanove, quien se desempe\u00f1a en el Centro Conjunto de Desarrollo de Conceptos (CCDC), dependiente del Centro Superior de Estudios de la Defensa Nacional (CESEDEN) del Estado Mayor de la Defensa de Espa\u00f1a, por parte de Chile, personal del Departamento de Doctrina Conjunta Combinada dependiente de la Direcci\u00f3n de Educaci\u00f3n, Doctrina y Entrenamiento Conjunto (DIREDENCO), del Estado Mayor Conjunto.<\/span><\/p>\n<p style=\"text-align: justify;\"><a href=\"https:\/\/www.emco.mil.cl\/wp-content\/uploads\/11-12.jpg\"><img decoding=\"async\" class=\"aligncenter size-full wp-image-5162\" src=\"https:\/\/www.emco.mil.cl\/wp-content\/uploads\/11-12.jpg\" alt=\"11\" width=\"620\" height=\"413\"><\/a><\/p>\n","protected":false},"excerpt":{"rendered":"<p>Entre el 11 y 15 de noviembre, en la Direcci\u00f3n de Educaci\u00f3n, Doctrina y Entrenamiento Conjunto, del EMCO, se llev\u00f3 a cabo la I reuni\u00f3n de intercambio de Doctrina entre Chile y Espa\u00f1a, de acuerdo a lo acordado en la II Reuni\u00f3n Bilateral de Estados Mayores Conjunto entre Chile y Espa\u00f1a realizada el 2018. La&#8230;<\/p>\n","protected":false},"author":5,"featured_media":5823,"comment_status":"closed","ping_status":"closed","sticky":false,"template":"","format":"standard","meta":{"_kad_post_transparent":"","_kad_post_title":"","_kad_post_layout":"","_kad_post_sidebar_id":"","_kad_post_content_style":"","_kad_post_vertical_padding":"","_kad_post_feature":"","_kad_post_feature_position":"","_kad_post_header":false,"_kad_post_footer":false,"footnotes":""},"categories":[15,3],"tags":[],"class_list":["post-5160","post","type-post","status-publish","format-standard","has-post-thumbnail","hentry","category-15","category-noticias"],"_links":{"self":[{"href":"https:\/\/www.emco.mil.cl\/index.php\/wp-json\/wp\/v2\/posts\/5160","targetHints":{"allow":["GET"]}}],"collection":[{"href":"https:\/\/www.emco.mil.cl\/index.php\/wp-json\/wp\/v2\/posts"}],"about":[{"href":"https:\/\/www.emco.mil.cl\/index.php\/wp-json\/wp\/v2\/types\/post"}],"author":[{"embeddable":true,"href":"https:\/\/www.emco.mil.cl\/index.php\/wp-json\/wp\/v2\/users\/5"}],"replies":[{"embeddable":true,"href":"https:\/\/www.emco.mil.cl\/index.php\/wp-json\/wp\/v2\/comments?post=5160"}],"version-history":[{"count":2,"href":"https:\/\/www.emco.mil.cl\/index.php\/wp-json\/wp\/v2\/posts\/5160\/revisions"}],"predecessor-version":[{"id":5898,"href":"https:\/\/www.emco.mil.cl\/index.php\/wp-json\/wp\/v2\/posts\/5160\/revisions\/5898"}],"wp:featuredmedia":[{"embeddable":true,"href":"https:\/\/www.emco.mil.cl\/index.php\/wp-json\/wp\/v2\/media\/5823"}],"wp:attachment":[{"href":"https:\/\/www.emco.mil.cl\/index.php\/wp-json\/wp\/v2\/media?parent=5160"}],"wp:term":[{"taxonomy":"category","embeddable":true,"href":"https:\/\/www.emco.mil.cl\/index.php\/wp-json\/wp\/v2\/categories?post=5160"},{"taxonomy":"post_tag","embeddable":true,"href":"https:\/\/www.emco.mil.cl\/index.php\/wp-json\/wp\/v2\/tags?post=5160"}],"curies":[{"name":"wp","href":"https:\/\/api.w.org\/{rel}","templated":true}]}}