{"id":5151,"date":"2019-11-19T13:48:34","date_gmt":"2019-11-19T13:48:34","guid":{"rendered":"https:\/\/www.emco.mil.cl\/?p=5151"},"modified":"2021-09-28T11:23:53","modified_gmt":"2021-09-28T14:23:53","slug":"entrega-de-medalla-al-merito-a-oficial-del-ejercito-por-servicios-destacados-en-las-fuerzas-armadas-de-honduras","status":"publish","type":"post","link":"https:\/\/www.emco.mil.cl\/index.php\/2019\/11\/19\/entrega-de-medalla-al-merito-a-oficial-del-ejercito-por-servicios-destacados-en-las-fuerzas-armadas-de-honduras\/","title":{"rendered":"Entrega de Medalla al M\u00e9rito a oficial de Ej\u00e9rcito por servicios destacados en las FF.AA. de Honduras"},"content":{"rendered":"<p><span style=\"font-size: 10pt; color: #000000;\">El d\u00eda 12 de noviembre en Tegucigalpa, Honduras, se llev\u00f3 a cabo la ceremonia de condecoraci\u00f3n de agregados militares y oficiales en misi\u00f3n internacional acreditados en ese pa\u00eds, actividad presidida por el Ministro de Defensa Nacional de Honduras Santiago D\u00edaz Zelaya.<\/span><\/p>\n<p style=\"text-align: justify;\"><span style=\"font-size: 10pt; color: #000000;\">El Teniente Coronel Guillermo Moraga Reyes, del Ej\u00e9rcito de Chile, fue condecorado con la \u201cMedalla al M\u00e9rito Segunda Clase\u201d por servicios destacados en las FF.AA. de Honduras, quien se desempe\u00f1\u00f3 por un periodo de seis meses como profesor invitado en la Escuela de Comando y Estado Mayor de las Fuerzas Armadas de Honduras, impartiendo clases de Estrategia y Operaciones al Curso de Altos Estudios Militares.&nbsp;<\/span><\/p>\n<p style=\"text-align: justify;\"><span style=\"font-size: 10pt; color: #000000;\"><a style=\"color: #000000;\" href=\"https:\/\/www.emco.mil.cl\/wp-content\/uploads\/2-102.jpg\"><img fetchpriority=\"high\" decoding=\"async\" class=\"aligncenter size-full wp-image-5154\" src=\"https:\/\/www.emco.mil.cl\/wp-content\/uploads\/2-102.jpg\" alt=\"2\" width=\"620\" height=\"413\"><\/a><\/span><\/p>\n<p style=\"text-align: justify;\"><span style=\"font-size: 10pt; color: #000000;\">Esta actividad profesional, se enmarca dentro del Programa de Cooperaci\u00f3n en Defensa para Centroam\u00e9rica y el Caribe (PCDCAC) de la Subsecretar\u00eda de Defensa, cuyo coordinador militar es el Estado Mayor Conjunto, cuyo objetivo es incrementar los lazos de amistad y confianza mutua, contribuyendo a la integraci\u00f3n regional de Chile con Centroam\u00e9rica y particularmente con Honduras.<\/span><\/p>\n<p style=\"text-align: justify;\"><span style=\"font-size: 10pt; color: #000000;\">En la ceremonia estuvo presente el Jefe de Estado Mayor Conjunto de las Fuerzas Armadas, General de Divisi\u00f3n Ren\u00e9 Ponce Fonseca y el Embajador de Chile en Honduras, Enrique Barriga Larra\u00edn.<\/span><\/p>\n<p style=\"text-align: justify;\"><a href=\"https:\/\/www.emco.mil.cl\/wp-content\/uploads\/1-106.jpg\"><img decoding=\"async\" class=\"aligncenter size-full wp-image-5153\" src=\"https:\/\/www.emco.mil.cl\/wp-content\/uploads\/1-106.jpg\" alt=\"1\" width=\"620\" height=\"413\"><\/a><\/p>\n","protected":false},"excerpt":{"rendered":"<p>El d\u00eda 12 de noviembre en Tegucigalpa, Honduras, se llev\u00f3 a cabo la ceremonia de condecoraci\u00f3n de agregados militares y oficiales en misi\u00f3n internacional acreditados en ese pa\u00eds, actividad presidida por el Ministro de Defensa Nacional de Honduras Santiago D\u00edaz Zelaya. El Teniente Coronel Guillermo Moraga Reyes, del Ej\u00e9rcito de Chile, fue condecorado con la&#8230;<\/p>\n","protected":false},"author":5,"featured_media":5823,"comment_status":"closed","ping_status":"closed","sticky":false,"template":"","format":"standard","meta":{"_kad_post_transparent":"","_kad_post_title":"","_kad_post_layout":"","_kad_post_sidebar_id":"","_kad_post_content_style":"","_kad_post_vertical_padding":"","_kad_post_feature":"","_kad_post_feature_position":"","_kad_post_header":false,"_kad_post_footer":false,"footnotes":""},"categories":[15,3],"tags":[],"class_list":["post-5151","post","type-post","status-publish","format-standard","has-post-thumbnail","hentry","category-15","category-noticias"],"_links":{"self":[{"href":"https:\/\/www.emco.mil.cl\/index.php\/wp-json\/wp\/v2\/posts\/5151","targetHints":{"allow":["GET"]}}],"collection":[{"href":"https:\/\/www.emco.mil.cl\/index.php\/wp-json\/wp\/v2\/posts"}],"about":[{"href":"https:\/\/www.emco.mil.cl\/index.php\/wp-json\/wp\/v2\/types\/post"}],"author":[{"embeddable":true,"href":"https:\/\/www.emco.mil.cl\/index.php\/wp-json\/wp\/v2\/users\/5"}],"replies":[{"embeddable":true,"href":"https:\/\/www.emco.mil.cl\/index.php\/wp-json\/wp\/v2\/comments?post=5151"}],"version-history":[{"count":2,"href":"https:\/\/www.emco.mil.cl\/index.php\/wp-json\/wp\/v2\/posts\/5151\/revisions"}],"predecessor-version":[{"id":5899,"href":"https:\/\/www.emco.mil.cl\/index.php\/wp-json\/wp\/v2\/posts\/5151\/revisions\/5899"}],"wp:featuredmedia":[{"embeddable":true,"href":"https:\/\/www.emco.mil.cl\/index.php\/wp-json\/wp\/v2\/media\/5823"}],"wp:attachment":[{"href":"https:\/\/www.emco.mil.cl\/index.php\/wp-json\/wp\/v2\/media?parent=5151"}],"wp:term":[{"taxonomy":"category","embeddable":true,"href":"https:\/\/www.emco.mil.cl\/index.php\/wp-json\/wp\/v2\/categories?post=5151"},{"taxonomy":"post_tag","embeddable":true,"href":"https:\/\/www.emco.mil.cl\/index.php\/wp-json\/wp\/v2\/tags?post=5151"}],"curies":[{"name":"wp","href":"https:\/\/api.w.org\/{rel}","templated":true}]}}