{"id":5143,"date":"2019-11-15T19:37:00","date_gmt":"2019-11-15T19:37:00","guid":{"rendered":"https:\/\/www.emco.mil.cl\/?p=5143"},"modified":"2021-09-28T11:24:34","modified_gmt":"2021-09-28T14:24:34","slug":"subjefe-del-estado-mayor-conjunto-realiza-visita-inspectiva-de-las-operaciones-de-desminado-en-la-zona-austral","status":"publish","type":"post","link":"https:\/\/www.emco.mil.cl\/index.php\/2019\/11\/15\/subjefe-del-estado-mayor-conjunto-realiza-visita-inspectiva-de-las-operaciones-de-desminado-en-la-zona-austral\/","title":{"rendered":"Subjefe del Estado Mayor Conjunto realiza visita inspectiva de las operaciones de desminado en la zona austral"},"content":{"rendered":"<p style=\"text-align: justify;\"><span style=\"color: #000000; font-size: 10pt;\">En la zona austral de nuestro pa\u00eds, y en el marco del cumplimiento de la <strong>Convenci\u00f3n de Ottawa<\/strong>, sobre la prohibici\u00f3n del empleo, almacenamiento, producci\u00f3n y transferencia de Minas Antipersonal y sobre su destrucci\u00f3n, el Subjefe del Estado Mayor Conjunto, General de Aviaci\u00f3n Albert Widmer Thomas, acompa\u00f1ado por el Oficial de Operaciones de la Secretar\u00eda Ejecutiva de la Comisi\u00f3n Nacional de Desminado (SECNAD), Mayor de Ej\u00e9rcito Marcelo Gonz\u00e1lez Urbina, realizaron una visita inspectiva a la finalizaci\u00f3n de las operaciones en Isla Deceit, en el Archipi\u00e9lago de las Wollaston, realizado por la Compa\u00f1\u00eda de Desminado Humanitario \u201cPunta Arenas\u201d, dependiente del Regimiento N\u00b0 10 \u201cPudeto\u201d.<\/span><\/p>\n<p style=\"text-align: justify;\"><span style=\"font-size: 10pt; color: #000000;\"><a style=\"color: #000000;\" href=\"https:\/\/www.emco.mil.cl\/wp-content\/uploads\/2-101.jpg\"><img fetchpriority=\"high\" decoding=\"async\" class=\"aligncenter size-full wp-image-5147\" src=\"https:\/\/www.emco.mil.cl\/wp-content\/uploads\/2-101.jpg\" alt=\"2\" width=\"620\" height=\"413\"><\/a><\/span><\/p>\n<p style=\"text-align: justify;\"><span style=\"color: #000000; font-size: 10pt;\">Durante las operaciones de desminado realizadas, fueron despejados y certificados dos campos minados de la Isla Deceit y uno de la Isla Freycinet, por parte del personal del Centro de Entrenamiento de Desminado y Destrucci\u00f3n de Explosivos, siendo destruidas en total 699 minas antipersonales, de las cuales se realiz\u00f3 una destrucci\u00f3n testimonial por parte del General Widmer.<\/span><\/p>\n<p style=\"text-align: justify;\"><span style=\"font-size: 10pt; color: #000000;\"><a style=\"color: #000000;\" href=\"https:\/\/www.emco.mil.cl\/wp-content\/uploads\/3-65.jpg\"><img decoding=\"async\" class=\"aligncenter size-full wp-image-5144\" src=\"https:\/\/www.emco.mil.cl\/wp-content\/uploads\/3-65.jpg\" alt=\"3\" width=\"620\" height=\"413\"><\/a><\/span><\/p>\n<p style=\"text-align: justify;\"><span style=\"color: #000000; font-size: 10pt;\">En marco de la visita, tambi\u00e9n se realiz\u00f3 una revista a la \u201cPartida de operaciones de minas terrestres\u201d de la Armada, recorriendo tambi\u00e9n los campos minados de Caleta las Casas, \u00faltimo campo minado antipersonal en la Regi\u00f3n de Magallanes.<\/span><\/p>\n<p style=\"text-align: justify;\"><span style=\"font-size: 10pt; color: #000000;\"><a style=\"color: #000000;\" href=\"https:\/\/www.emco.mil.cl\/wp-content\/uploads\/1-105.jpg\"><img decoding=\"async\" class=\"aligncenter size-full wp-image-5146\" src=\"https:\/\/www.emco.mil.cl\/wp-content\/uploads\/1-105.jpg\" alt=\"1\" width=\"620\" height=\"413\"><\/a><\/span><\/p>\n<p style=\"text-align: justify;\"><span style=\"color: #000000; font-size: 10pt;\">Es importante destacar, que todas las labores en operaciones de desminado humanitario realizadas en conjunto por el Ej\u00e9rcito y la Armada, son parte fundamental en la contribuci\u00f3n al desarrollo nacional y la acci\u00f3n del Estado, al cumplir los tratados internacionales a los que Chile est\u00e1 suscrito.<\/span><\/p>\n","protected":false},"excerpt":{"rendered":"<p>En la zona austral de nuestro pa\u00eds, y en el marco del cumplimiento de la Convenci\u00f3n de Ottawa, sobre la prohibici\u00f3n del empleo, almacenamiento, producci\u00f3n y transferencia de Minas Antipersonal y sobre su destrucci\u00f3n, el Subjefe del Estado Mayor Conjunto, General de Aviaci\u00f3n Albert Widmer Thomas, acompa\u00f1ado por el Oficial de Operaciones de la Secretar\u00eda&#8230;<\/p>\n","protected":false},"author":5,"featured_media":5823,"comment_status":"closed","ping_status":"closed","sticky":false,"template":"","format":"standard","meta":{"_kad_post_transparent":"","_kad_post_title":"","_kad_post_layout":"","_kad_post_sidebar_id":"","_kad_post_content_style":"","_kad_post_vertical_padding":"","_kad_post_feature":"","_kad_post_feature_position":"","_kad_post_header":false,"_kad_post_footer":false,"footnotes":""},"categories":[15,3],"tags":[],"class_list":["post-5143","post","type-post","status-publish","format-standard","has-post-thumbnail","hentry","category-15","category-noticias"],"_links":{"self":[{"href":"https:\/\/www.emco.mil.cl\/index.php\/wp-json\/wp\/v2\/posts\/5143","targetHints":{"allow":["GET"]}}],"collection":[{"href":"https:\/\/www.emco.mil.cl\/index.php\/wp-json\/wp\/v2\/posts"}],"about":[{"href":"https:\/\/www.emco.mil.cl\/index.php\/wp-json\/wp\/v2\/types\/post"}],"author":[{"embeddable":true,"href":"https:\/\/www.emco.mil.cl\/index.php\/wp-json\/wp\/v2\/users\/5"}],"replies":[{"embeddable":true,"href":"https:\/\/www.emco.mil.cl\/index.php\/wp-json\/wp\/v2\/comments?post=5143"}],"version-history":[{"count":2,"href":"https:\/\/www.emco.mil.cl\/index.php\/wp-json\/wp\/v2\/posts\/5143\/revisions"}],"predecessor-version":[{"id":5900,"href":"https:\/\/www.emco.mil.cl\/index.php\/wp-json\/wp\/v2\/posts\/5143\/revisions\/5900"}],"wp:featuredmedia":[{"embeddable":true,"href":"https:\/\/www.emco.mil.cl\/index.php\/wp-json\/wp\/v2\/media\/5823"}],"wp:attachment":[{"href":"https:\/\/www.emco.mil.cl\/index.php\/wp-json\/wp\/v2\/media?parent=5143"}],"wp:term":[{"taxonomy":"category","embeddable":true,"href":"https:\/\/www.emco.mil.cl\/index.php\/wp-json\/wp\/v2\/categories?post=5143"},{"taxonomy":"post_tag","embeddable":true,"href":"https:\/\/www.emco.mil.cl\/index.php\/wp-json\/wp\/v2\/tags?post=5143"}],"curies":[{"name":"wp","href":"https:\/\/api.w.org\/{rel}","templated":true}]}}