{"id":5131,"date":"2019-11-12T17:56:13","date_gmt":"2019-11-12T17:56:13","guid":{"rendered":"https:\/\/www.emco.mil.cl\/?p=5131"},"modified":"2021-09-28T11:25:09","modified_gmt":"2021-09-28T14:25:09","slug":"personal-de-ejercito-y-armada-participan-de-curso-de-desactivacion-de-artefactos-explosivos","status":"publish","type":"post","link":"https:\/\/www.emco.mil.cl\/index.php\/2019\/11\/12\/personal-de-ejercito-y-armada-participan-de-curso-de-desactivacion-de-artefactos-explosivos\/","title":{"rendered":"Personal de Ej\u00e9rcito y Armada participan de Curso de Desactivaci\u00f3n de Artefactos Explosivos"},"content":{"rendered":"<p style=\"text-align: justify;\"><span style=\"font-size: 10pt; color: #000000;\">Entre el 11 de noviembre y el 6 de diciembre, en la Escuela de Ingenieros Militares del Ej\u00e9rcito de Tierra Espa\u00f1ol, personal de Ej\u00e9rcito y Armada de Chile participan en el curso de Desactivaci\u00f3n de Artefactos Explosivos (EOD Nivel 3), realizado por el Centro Internacional de Desminado (CID).<\/span><\/p>\n<p style=\"text-align: justify;\"><span style=\"font-size: 10pt; color: #000000;\">El fin de este curso, es preparar a nuestros uniformados para que puedan realizar los procedimientos de neutralizaci\u00f3n (<em>render safe<\/em>) y destrucci\u00f3n final de cualquier tipo de artefactos explosivos. Adem\u00e1s de planificar, coordinar, solicitar requerimientos y el correcto empleo de los medios y equipos, adoptando las medidas de seguridad vigentes para este tipo de trabajos en distintos tipos de escenarios.<\/span><\/p>\n<p style=\"text-align: justify;\"><span style=\"font-size: 10pt; color: #000000;\">Este programa de formaci\u00f3n se basa en los siguientes objetivos:<\/span><\/p>\n<ul>\n<li style=\"text-align: justify;\"><span style=\"font-size: 10pt; color: #000000;\">Aplicar el proceso de planificaci\u00f3n para la limpieza de pol\u00edgonos contaminados.<\/span><\/li>\n<li style=\"text-align: justify;\"><span style=\"font-size: 10pt; color: #000000;\">Realizar la planificaci\u00f3n correspondiente para el levantamiento de Campos Minados.<\/span><\/li>\n<li style=\"text-align: justify;\"><span style=\"font-size: 10pt; color: #000000;\">Llevar a cabo los estudios t\u00e9cnicos.<\/span><\/li>\n<li style=\"text-align: justify;\"><span style=\"font-size: 10pt; color: #000000;\">Iniciar los trabajos de rastreos.<\/span><\/li>\n<\/ul>\n<p style=\"text-align: justify;\">\n<p style=\"text-align: justify;\"><a href=\"https:\/\/www.emco.mil.cl\/wp-content\/uploads\/1-104.jpg\"><img fetchpriority=\"high\" decoding=\"async\" class=\"aligncenter size-full wp-image-5136\" src=\"https:\/\/www.emco.mil.cl\/wp-content\/uploads\/1-104.jpg\" alt=\"1\" width=\"620\" height=\"413\"><\/a><\/p>\n<p style=\"text-align: justify;\"><span style=\"font-size: 10pt; color: #000000;\">El viernes 8 de noviembre, el contingente se present\u00f3 al Subjefe del Estado Mayor Conjunto, General de Aviaci\u00f3n Albert Widmer Thomas, quien les deseo un buen viaje y \u00e9xito en el retorno a nuestro pa\u00eds, adem\u00e1s de agradecerles por su trabajo en el Desminado Humanitario, t\u00f3pico importante para Chile, al ser parte de la \u201cConvenci\u00f3n de Ottawa\u201d, sobre la prohibici\u00f3n del empleo, almacenamiento, producci\u00f3n y transferencia de minas antipersonal y sobre su destrucci\u00f3n.<\/span><\/p>\n<p style=\"text-align: justify;\"><a href=\"https:\/\/www.emco.mil.cl\/wp-content\/uploads\/2-100.jpg\"><img decoding=\"async\" class=\"aligncenter size-full wp-image-5138\" src=\"https:\/\/www.emco.mil.cl\/wp-content\/uploads\/2-100.jpg\" alt=\"2\" width=\"620\" height=\"413\"><\/a><\/p>\n<p style=\"text-align: justify;\"><a href=\"https:\/\/www.emco.mil.cl\/wp-content\/uploads\/3-64.jpg\"><img decoding=\"async\" class=\"aligncenter size-full wp-image-5139\" src=\"https:\/\/www.emco.mil.cl\/wp-content\/uploads\/3-64.jpg\" alt=\"3\" width=\"620\" height=\"413\"><\/a><\/p>\n","protected":false},"excerpt":{"rendered":"<p>Entre el 11 de noviembre y el 6 de diciembre, en la Escuela de Ingenieros Militares del Ej\u00e9rcito de Tierra Espa\u00f1ol, personal de Ej\u00e9rcito y Armada de Chile participan en el curso de Desactivaci\u00f3n de Artefactos Explosivos (EOD Nivel 3), realizado por el Centro Internacional de Desminado (CID). El fin de este curso, es preparar&#8230;<\/p>\n","protected":false},"author":5,"featured_media":5823,"comment_status":"closed","ping_status":"closed","sticky":false,"template":"","format":"standard","meta":{"_kad_post_transparent":"","_kad_post_title":"","_kad_post_layout":"","_kad_post_sidebar_id":"","_kad_post_content_style":"","_kad_post_vertical_padding":"","_kad_post_feature":"","_kad_post_feature_position":"","_kad_post_header":false,"_kad_post_footer":false,"footnotes":""},"categories":[15,3],"tags":[],"class_list":["post-5131","post","type-post","status-publish","format-standard","has-post-thumbnail","hentry","category-15","category-noticias"],"_links":{"self":[{"href":"https:\/\/www.emco.mil.cl\/index.php\/wp-json\/wp\/v2\/posts\/5131","targetHints":{"allow":["GET"]}}],"collection":[{"href":"https:\/\/www.emco.mil.cl\/index.php\/wp-json\/wp\/v2\/posts"}],"about":[{"href":"https:\/\/www.emco.mil.cl\/index.php\/wp-json\/wp\/v2\/types\/post"}],"author":[{"embeddable":true,"href":"https:\/\/www.emco.mil.cl\/index.php\/wp-json\/wp\/v2\/users\/5"}],"replies":[{"embeddable":true,"href":"https:\/\/www.emco.mil.cl\/index.php\/wp-json\/wp\/v2\/comments?post=5131"}],"version-history":[{"count":2,"href":"https:\/\/www.emco.mil.cl\/index.php\/wp-json\/wp\/v2\/posts\/5131\/revisions"}],"predecessor-version":[{"id":5901,"href":"https:\/\/www.emco.mil.cl\/index.php\/wp-json\/wp\/v2\/posts\/5131\/revisions\/5901"}],"wp:featuredmedia":[{"embeddable":true,"href":"https:\/\/www.emco.mil.cl\/index.php\/wp-json\/wp\/v2\/media\/5823"}],"wp:attachment":[{"href":"https:\/\/www.emco.mil.cl\/index.php\/wp-json\/wp\/v2\/media?parent=5131"}],"wp:term":[{"taxonomy":"category","embeddable":true,"href":"https:\/\/www.emco.mil.cl\/index.php\/wp-json\/wp\/v2\/categories?post=5131"},{"taxonomy":"post_tag","embeddable":true,"href":"https:\/\/www.emco.mil.cl\/index.php\/wp-json\/wp\/v2\/tags?post=5131"}],"curies":[{"name":"wp","href":"https:\/\/api.w.org\/{rel}","templated":true}]}}