{"id":5113,"date":"2019-11-04T17:34:45","date_gmt":"2019-11-04T17:34:45","guid":{"rendered":"https:\/\/www.emco.mil.cl\/?p=5113"},"modified":"2021-09-28T11:25:33","modified_gmt":"2021-09-28T14:25:33","slug":"despliegue-oficial-chileno-a-mision-de-paz-en-el-medio-oriente","status":"publish","type":"post","link":"https:\/\/www.emco.mil.cl\/index.php\/2019\/11\/04\/despliegue-oficial-chileno-a-mision-de-paz-en-el-medio-oriente\/","title":{"rendered":"Despliegue oficial chileno a misi\u00f3n de paz en el Medio Oriente"},"content":{"rendered":"<p><span style=\"font-size: 10pt; color: #000000;\">En la Direcci\u00f3n de Operaciones y Conducci\u00f3n Conjunta (DOPCON) del Estado Mayor Conjunto, el Contraalmirante Pablo Niemann Figari, recibi\u00f3 al Capit\u00e1n \u00c1lvaro Am\u00e9stica Hern\u00e1ndez, del Ej\u00e9rcito de Chile, quien se desempe\u00f1ar\u00e1 como observador militar por un a\u00f1o en el Organismo de las Naciones Unidas para la Vigilancia de la Tregua UNTSO (por sus siglas en ingl\u00e9s) en El L\u00edbano.<\/span><\/p>\n<p><span style=\"font-size: 10pt; color: #000000;\"><strong><em>\u201cEstar un a\u00f1o afuera, lejos del pa\u00eds y la familia es sumamente importante, donde espero ganar experiencias y desenvolverme en un ambiente multinacional con procedimientos establecidos y estandarizados con lo que dicta Naciones Unidas o la OTAN, que son similares. Voy a representar a Chile, donde los observadores anteriores han dejado una vara muy alta, lo que es un gran desaf\u00edo<\/em><\/strong><em>\u201d,<\/em> coment\u00f3 el Capit\u00e1n Am\u00e9stica.<\/span><\/p>\n<p><span style=\"font-size: 10pt; color: #000000;\">\u00c9sta es una de las operaciones de mantenimiento de la paz m\u00e1s antigua de las ONU, donde desde el 1948, los observadores militares supervisan los ceses de fuego, los acuerdos de tregua que evitan que incidentes aislados alcancen mayores proporciones y tambi\u00e9n, colaboran a otras operaciones de mantenimiento de la paz en el Medio Oriente. &nbsp;&nbsp;<\/span><\/p>\n<p><span style=\"font-size: 10pt; color: #000000;\">Chile participa en esta operaci\u00f3n con un contingente constituido por dos oficiales de Ej\u00e9rcito y un oficial de Armada.<\/span><\/p>\n<p><a href=\"https:\/\/www.emco.mil.cl\/wp-content\/uploads\/2-99.jpg\"><img fetchpriority=\"high\" decoding=\"async\" class=\"aligncenter size-full wp-image-5117\" src=\"https:\/\/www.emco.mil.cl\/wp-content\/uploads\/2-99.jpg\" alt=\"2\" width=\"620\" height=\"413\"><\/a><\/p>\n","protected":false},"excerpt":{"rendered":"<p>En la Direcci\u00f3n de Operaciones y Conducci\u00f3n Conjunta (DOPCON) del Estado Mayor Conjunto, el Contraalmirante Pablo Niemann Figari, recibi\u00f3 al Capit\u00e1n \u00c1lvaro Am\u00e9stica Hern\u00e1ndez, del Ej\u00e9rcito de Chile, quien se desempe\u00f1ar\u00e1 como observador militar por un a\u00f1o en el Organismo de las Naciones Unidas para la Vigilancia de la Tregua UNTSO (por sus siglas en&#8230;<\/p>\n","protected":false},"author":5,"featured_media":5823,"comment_status":"closed","ping_status":"closed","sticky":false,"template":"","format":"standard","meta":{"_kad_post_transparent":"","_kad_post_title":"","_kad_post_layout":"","_kad_post_sidebar_id":"","_kad_post_content_style":"","_kad_post_vertical_padding":"","_kad_post_feature":"","_kad_post_feature_position":"","_kad_post_header":false,"_kad_post_footer":false,"footnotes":""},"categories":[15,3],"tags":[],"class_list":["post-5113","post","type-post","status-publish","format-standard","has-post-thumbnail","hentry","category-15","category-noticias"],"_links":{"self":[{"href":"https:\/\/www.emco.mil.cl\/index.php\/wp-json\/wp\/v2\/posts\/5113","targetHints":{"allow":["GET"]}}],"collection":[{"href":"https:\/\/www.emco.mil.cl\/index.php\/wp-json\/wp\/v2\/posts"}],"about":[{"href":"https:\/\/www.emco.mil.cl\/index.php\/wp-json\/wp\/v2\/types\/post"}],"author":[{"embeddable":true,"href":"https:\/\/www.emco.mil.cl\/index.php\/wp-json\/wp\/v2\/users\/5"}],"replies":[{"embeddable":true,"href":"https:\/\/www.emco.mil.cl\/index.php\/wp-json\/wp\/v2\/comments?post=5113"}],"version-history":[{"count":2,"href":"https:\/\/www.emco.mil.cl\/index.php\/wp-json\/wp\/v2\/posts\/5113\/revisions"}],"predecessor-version":[{"id":5902,"href":"https:\/\/www.emco.mil.cl\/index.php\/wp-json\/wp\/v2\/posts\/5113\/revisions\/5902"}],"wp:featuredmedia":[{"embeddable":true,"href":"https:\/\/www.emco.mil.cl\/index.php\/wp-json\/wp\/v2\/media\/5823"}],"wp:attachment":[{"href":"https:\/\/www.emco.mil.cl\/index.php\/wp-json\/wp\/v2\/media?parent=5113"}],"wp:term":[{"taxonomy":"category","embeddable":true,"href":"https:\/\/www.emco.mil.cl\/index.php\/wp-json\/wp\/v2\/categories?post=5113"},{"taxonomy":"post_tag","embeddable":true,"href":"https:\/\/www.emco.mil.cl\/index.php\/wp-json\/wp\/v2\/tags?post=5113"}],"curies":[{"name":"wp","href":"https:\/\/api.w.org\/{rel}","templated":true}]}}