{"id":5092,"date":"2019-10-17T17:19:49","date_gmt":"2019-10-17T17:19:49","guid":{"rendered":"https:\/\/www.emco.mil.cl\/?p=5092"},"modified":"2021-09-28T11:27:07","modified_gmt":"2021-09-28T14:27:07","slug":"eufor-premia-a-oficiales-chilenos-en-el-ejercicio-quick-response-2019","status":"publish","type":"post","link":"https:\/\/www.emco.mil.cl\/index.php\/2019\/10\/17\/eufor-premia-a-oficiales-chilenos-en-el-ejercicio-quick-response-2019\/","title":{"rendered":"EUFOR premia a oficiales chilenos en el ejercicio Quick Response 2019"},"content":{"rendered":"<p><span style=\"font-size: 10pt; color: #000000;\">Desde el 7 al 11 de octubre, el contingente chileno desplegado en la Operaci\u00f3n EUFOR \u201cAlthea\u201d, fueron parte de \u201c<em>Quick Response <\/em>2019\u201d, ejercicio que demuestra la capacidad de EUFOR para reforzar las tropas en Bosnia y Herzegovina, en caso que su seguridad interior est\u00e9 en peligro.<\/span><\/p>\n<p><span style=\"font-size: 10pt; color: #000000;\"><em>Quick Response<\/em> 2019, se llev\u00f3 a cabo en todo el pa\u00eds, en cooperaci\u00f3n con las autoridades locales, las agencias de seguridad y las Fuerzas Armadas de Bosnia y Herzegovina, donde tropas adicionales provenientes de Austria, Bulgaria, Grecia, Rumania y el Reino Unido fueron convocadas al teatro de operaciones como parte de las fuerzas de reserva estrat\u00e9gica de EUFOR, demostrando un alto nivel de disponibilidad en sus pa\u00edses de origen.<\/span><\/p>\n<p><a href=\"https:\/\/www.emco.mil.cl\/wp-content\/uploads\/Sin-t\u00edtulo-3.jpg\"><img fetchpriority=\"high\" decoding=\"async\" class=\"aligncenter size-full wp-image-5097\" src=\"https:\/\/www.emco.mil.cl\/wp-content\/uploads\/Sin-t\u00edtulo-3.jpg\" alt=\"Sin t\u00edtulo-3\" width=\"620\" height=\"413\"><\/a><\/p>\n<p><span style=\"font-size: 10pt; color: #000000;\">En esta ocasi\u00f3n, los Tenientes Coroneles Pablo Ercilla Poblete y Rodrigo Huitrayao Pozo, del Ej\u00e9rcito de Chile, fueron parte del proceso de planificaci\u00f3n y ejecuci\u00f3n, quienes despu\u00e9s de 5 meses de preparaci\u00f3n y coordinaci\u00f3n con agencias gubernamental e instituciones internacionales, fueron premiados en la ceremonia de cierre del ejercicio, por su profesionalismo y excelente contribuci\u00f3n a la misi\u00f3n.<\/span><\/p>\n<p><a href=\"https:\/\/www.emco.mil.cl\/wp-content\/uploads\/Sin-t\u00edtulo-1-2.jpg\"><img decoding=\"async\" class=\"aligncenter size-full wp-image-5095\" src=\"https:\/\/www.emco.mil.cl\/wp-content\/uploads\/Sin-t\u00edtulo-1-2.jpg\" alt=\"Sin t\u00edtulo-1\" width=\"620\" height=\"413\"><\/a><\/p>\n<p><a href=\"https:\/\/www.emco.mil.cl\/wp-content\/uploads\/Sin-t\u00edtulo-2-3.jpg\"><img decoding=\"async\" class=\"aligncenter size-full wp-image-5096\" src=\"https:\/\/www.emco.mil.cl\/wp-content\/uploads\/Sin-t\u00edtulo-2-3.jpg\" alt=\"Sin t\u00edtulo-2\" width=\"620\" height=\"413\"><\/a><\/p>\n<p><span style=\"font-size: 10pt; color: #000000;\">Fue el Jefe de Estado Mayor de la misi\u00f3n, Brigadier General L\u00e1szl\u00f3 Szab\u00f3, de Hungr\u00eda, quien hizo entrega del galard\u00f3n al personal chileno que, por sus m\u00e9ritos y profesionalismo, se destac\u00f3 entre sus pares. En su discurso, el General Szab\u00f3 manifest\u00f3 su satisfacci\u00f3n con el compromiso de las fuerzas chilenas con el cumplimiento de los objetivos de la misi\u00f3n ALTHEA en Bosnia y Herzegovina.<\/span><\/p>\n","protected":false},"excerpt":{"rendered":"<p>Desde el 7 al 11 de octubre, el contingente chileno desplegado en la Operaci\u00f3n EUFOR \u201cAlthea\u201d, fueron parte de \u201cQuick Response 2019\u201d, ejercicio que demuestra la capacidad de EUFOR para reforzar las tropas en Bosnia y Herzegovina, en caso que su seguridad interior est\u00e9 en peligro. Quick Response 2019, se llev\u00f3 a cabo en todo&#8230;<\/p>\n","protected":false},"author":5,"featured_media":5823,"comment_status":"closed","ping_status":"closed","sticky":false,"template":"","format":"standard","meta":{"_kad_post_transparent":"","_kad_post_title":"","_kad_post_layout":"","_kad_post_sidebar_id":"","_kad_post_content_style":"","_kad_post_vertical_padding":"","_kad_post_feature":"","_kad_post_feature_position":"","_kad_post_header":false,"_kad_post_footer":false,"footnotes":""},"categories":[15,3],"tags":[],"class_list":["post-5092","post","type-post","status-publish","format-standard","has-post-thumbnail","hentry","category-15","category-noticias"],"_links":{"self":[{"href":"https:\/\/www.emco.mil.cl\/index.php\/wp-json\/wp\/v2\/posts\/5092","targetHints":{"allow":["GET"]}}],"collection":[{"href":"https:\/\/www.emco.mil.cl\/index.php\/wp-json\/wp\/v2\/posts"}],"about":[{"href":"https:\/\/www.emco.mil.cl\/index.php\/wp-json\/wp\/v2\/types\/post"}],"author":[{"embeddable":true,"href":"https:\/\/www.emco.mil.cl\/index.php\/wp-json\/wp\/v2\/users\/5"}],"replies":[{"embeddable":true,"href":"https:\/\/www.emco.mil.cl\/index.php\/wp-json\/wp\/v2\/comments?post=5092"}],"version-history":[{"count":1,"href":"https:\/\/www.emco.mil.cl\/index.php\/wp-json\/wp\/v2\/posts\/5092\/revisions"}],"predecessor-version":[{"id":5904,"href":"https:\/\/www.emco.mil.cl\/index.php\/wp-json\/wp\/v2\/posts\/5092\/revisions\/5904"}],"wp:featuredmedia":[{"embeddable":true,"href":"https:\/\/www.emco.mil.cl\/index.php\/wp-json\/wp\/v2\/media\/5823"}],"wp:attachment":[{"href":"https:\/\/www.emco.mil.cl\/index.php\/wp-json\/wp\/v2\/media?parent=5092"}],"wp:term":[{"taxonomy":"category","embeddable":true,"href":"https:\/\/www.emco.mil.cl\/index.php\/wp-json\/wp\/v2\/categories?post=5092"},{"taxonomy":"post_tag","embeddable":true,"href":"https:\/\/www.emco.mil.cl\/index.php\/wp-json\/wp\/v2\/tags?post=5092"}],"curies":[{"name":"wp","href":"https:\/\/api.w.org\/{rel}","templated":true}]}}