{"id":5057,"date":"2019-10-07T19:41:05","date_gmt":"2019-10-07T19:41:05","guid":{"rendered":"https:\/\/www.emco.mil.cl\/?p=5057"},"modified":"2021-09-28T11:32:51","modified_gmt":"2021-09-28T14:32:51","slug":"fuerzas-armadas-retiran-mas-de-70-toneladas-de-basura-desde-las-playas-de-chile","status":"publish","type":"post","link":"https:\/\/www.emco.mil.cl\/index.php\/2019\/10\/07\/fuerzas-armadas-retiran-mas-de-70-toneladas-de-basura-desde-las-playas-de-chile\/","title":{"rendered":"Fuerzas Armadas retiran m\u00e1s de 70 toneladas de basura desde las playas de Chile"},"content":{"rendered":"<p><span style=\"color: #000000; font-size: 10pt;\">Hasta la playa Las Gaviotas en la ciudad de La Serena, IV regi\u00f3n, lleg\u00f3 el Ministro de Defensa Nacional, Alberto Espina, junto al Jefe del Estado Mayor (S), General de Aviaci\u00f3n Albert Widmer, el Subsecretario de Medioambiente, Felipe Riesco, personal de las FF.AA. y cientos de voluntarios, a participar del retiro de basura como parte del D\u00eda Internacional de la Limpieza de Playas.<\/span><\/p>\n<p style=\"text-align: justify;\"><a href=\"https:\/\/www.emco.mil.cl\/wp-content\/uploads\/4-21.jpg\"><img fetchpriority=\"high\" decoding=\"async\" class=\"aligncenter size-full wp-image-5062\" src=\"https:\/\/www.emco.mil.cl\/wp-content\/uploads\/4-21.jpg\" alt=\"4\" width=\"620\" height=\"413\"><\/a><\/p>\n<p style=\"text-align: justify;\"><span style=\"color: #000000; font-size: 10pt;\">Esta actividad, que comenz\u00f3 el 24 de septiembre y se extender\u00e1 hasta mediados de octubre, se realiz\u00f3 de manera simult\u00e1nea en ocho regiones, en el marco de la preparaci\u00f3n de la cumbre ambiental COP25, donde por primera vez de forma conjunta las Fuerzas Armadas adquirieron como compromiso, m\u00e1s all\u00e1 de la Seguridad Nacional, la limpieza de espacios p\u00fablicos como son las playas de nuestro pa\u00eds.<\/span><\/p>\n<p style=\"text-align: justify;\"><a href=\"https:\/\/www.emco.mil.cl\/wp-content\/uploads\/3-61.jpg\"><img decoding=\"async\" class=\"aligncenter size-full wp-image-5061\" src=\"https:\/\/www.emco.mil.cl\/wp-content\/uploads\/3-61.jpg\" alt=\"3\" width=\"620\" height=\"413\"><\/a><\/p>\n<p style=\"text-align: justify;\"><span style=\"color: #000000; font-size: 10pt;\">El Ministro Espina se\u00f1al\u00f3 que <strong><em>\u201ctenemos que ser un ejemplo por la COP25 que se realizar\u00e1 en poco tiempo m\u00e1s, no solo ser organizadores. Debemos demostrar que somos un pa\u00eds culturalmente preparado para mantener el medio ambiente limpio\u201d.<\/em><\/strong><\/span><\/p>\n<p style=\"text-align: justify;\"><span style=\"color: #000000; font-size: 10pt;\"><strong><em>\u201cEl llamado que hacemos es a todos nuestros compatriotas para que tomen conciencia de la necesidad urgente de no ensuciar nuestra playa, porque ello significa un grave da\u00f1o ambiental\u201d,<\/em><\/strong> recalc\u00f3 el secretario de Estado.<\/span><\/p>\n<p style=\"text-align: justify;\"><span style=\"color: #000000; font-size: 10pt;\">En tanto, el subsecretario Riesco agradeci\u00f3 el apoyo de las FF.AA. en la coordinaci\u00f3n, protecci\u00f3n y apoyo en la limpieza, <strong><em>\u201ccon la ayuda de nuestras Fuerzas Armadas hemos participado en una limpieza de playas que es muy relevante porque los oc\u00e9anos juegan un rol important\u00edsimo en el combate contra el cambio clim\u00e1tico<\/em><\/strong>\u201d.<\/span><\/p>\n<p style=\"text-align: justify;\"><a href=\"https:\/\/www.emco.mil.cl\/wp-content\/uploads\/1-100.jpg\"><img decoding=\"async\" class=\"aligncenter size-full wp-image-5063\" src=\"https:\/\/www.emco.mil.cl\/wp-content\/uploads\/1-100.jpg\" alt=\"1\" width=\"620\" height=\"413\"><\/a><\/p>\n<p style=\"text-align: justify;\"><span style=\"color: #000000; font-size: 10pt;\">Durante la iniciativa, y en la que a\u00fan falta por limpiar otras 49 playas, como la costa de Chinchorro, en Arica y la Costanera, en Magallanes, participaron 2100 funcionarios de la Armada y 260 del Ej\u00e9rcito y la Fuerza A\u00e9rea de Chile. A ellos se han sumado m\u00e1s de 8000 voluntarios, en su mayor\u00eda j\u00f3venes y escolares comprometidos con el medioambiente.<\/span><\/p>\n<p style=\"text-align: justify;\"><span style=\"color: #000000; font-size: 10pt;\">Entre el 2011 y 2018, las campa\u00f1as del D\u00eda Mundial de Limpieza de Playas han permitido el retiro de 860 toneladas de basura en todo Chile, de acuerdo a cifras de la Direcci\u00f3n General del Territorio Mar\u00edtimo y de Marina Mercante (DIRECTEMAR).<\/span><\/p>\n<p style=\"text-align: justify;\"><a href=\"https:\/\/www.emco.mil.cl\/wp-content\/uploads\/2-96.jpg\"><img loading=\"lazy\" decoding=\"async\" class=\"aligncenter size-full wp-image-5064\" src=\"https:\/\/www.emco.mil.cl\/wp-content\/uploads\/2-96.jpg\" alt=\"2\" width=\"620\" height=\"413\"><\/a><\/p>\n","protected":false},"excerpt":{"rendered":"<p>Hasta la playa Las Gaviotas en la ciudad de La Serena, IV regi\u00f3n, lleg\u00f3 el Ministro de Defensa Nacional, Alberto Espina, junto al Jefe del Estado Mayor (S), General de Aviaci\u00f3n Albert Widmer, el Subsecretario de Medioambiente, Felipe Riesco, personal de las FF.AA. y cientos de voluntarios, a participar del retiro de basura como parte&#8230;<\/p>\n","protected":false},"author":5,"featured_media":5823,"comment_status":"closed","ping_status":"closed","sticky":false,"template":"","format":"standard","meta":{"_kad_post_transparent":"","_kad_post_title":"","_kad_post_layout":"","_kad_post_sidebar_id":"","_kad_post_content_style":"","_kad_post_vertical_padding":"","_kad_post_feature":"","_kad_post_feature_position":"","_kad_post_header":false,"_kad_post_footer":false,"footnotes":""},"categories":[15,3],"tags":[],"class_list":["post-5057","post","type-post","status-publish","format-standard","has-post-thumbnail","hentry","category-15","category-noticias"],"_links":{"self":[{"href":"https:\/\/www.emco.mil.cl\/index.php\/wp-json\/wp\/v2\/posts\/5057","targetHints":{"allow":["GET"]}}],"collection":[{"href":"https:\/\/www.emco.mil.cl\/index.php\/wp-json\/wp\/v2\/posts"}],"about":[{"href":"https:\/\/www.emco.mil.cl\/index.php\/wp-json\/wp\/v2\/types\/post"}],"author":[{"embeddable":true,"href":"https:\/\/www.emco.mil.cl\/index.php\/wp-json\/wp\/v2\/users\/5"}],"replies":[{"embeddable":true,"href":"https:\/\/www.emco.mil.cl\/index.php\/wp-json\/wp\/v2\/comments?post=5057"}],"version-history":[{"count":1,"href":"https:\/\/www.emco.mil.cl\/index.php\/wp-json\/wp\/v2\/posts\/5057\/revisions"}],"predecessor-version":[{"id":5909,"href":"https:\/\/www.emco.mil.cl\/index.php\/wp-json\/wp\/v2\/posts\/5057\/revisions\/5909"}],"wp:featuredmedia":[{"embeddable":true,"href":"https:\/\/www.emco.mil.cl\/index.php\/wp-json\/wp\/v2\/media\/5823"}],"wp:attachment":[{"href":"https:\/\/www.emco.mil.cl\/index.php\/wp-json\/wp\/v2\/media?parent=5057"}],"wp:term":[{"taxonomy":"category","embeddable":true,"href":"https:\/\/www.emco.mil.cl\/index.php\/wp-json\/wp\/v2\/categories?post=5057"},{"taxonomy":"post_tag","embeddable":true,"href":"https:\/\/www.emco.mil.cl\/index.php\/wp-json\/wp\/v2\/tags?post=5057"}],"curies":[{"name":"wp","href":"https:\/\/api.w.org\/{rel}","templated":true}]}}