{"id":4589,"date":"2019-04-26T16:13:04","date_gmt":"2019-04-26T16:13:04","guid":{"rendered":"http:\/\/www.emco.mil.cl\/?p=4589"},"modified":"2021-09-28T12:26:16","modified_gmt":"2021-09-28T15:26:16","slug":"saludo-del-jefe-del-estado-mayor-conjunto-al-general-director-de-carabineros-2","status":"publish","type":"post","link":"https:\/\/www.emco.mil.cl\/index.php\/2019\/04\/26\/saludo-del-jefe-del-estado-mayor-conjunto-al-general-director-de-carabineros-2\/","title":{"rendered":"Saludo del Jefe del Estado Mayor Conjunto al General Director de Carabineros"},"content":{"rendered":"<p><span style=\"font-size: 12pt; color: #000000;\">Con motivo del nonag\u00e9simo segundo aniversario de Carabineros de Chile, el Jefe del Estado Mayor Conjunto, Vicealmirante Rodrigo \u00c1lvarez Aguirre, realiz\u00f3 los saludos protocolares al General Director de Carabineros, Mario Rozas C\u00f3rdova, en dependencias de la Direcci\u00f3n General de Carabineros de Chile.<\/span><\/p>\n<p><a href=\"https:\/\/www.emco.mil.cl\/wp-content\/uploads\/2-68.jpg\"><img fetchpriority=\"high\" decoding=\"async\" class=\"aligncenter size-full wp-image-4591\" src=\"https:\/\/www.emco.mil.cl\/wp-content\/uploads\/2-68.jpg\" alt=\"2\" width=\"620\" height=\"413\"><\/a><\/p>\n<p><span style=\"font-size: 12pt; color: #000000;\">Al encuentro tambi\u00e9n asisti\u00f3 el Subjefe del Estado Mayor Conjunto, General de Aviaci\u00f3n Albert Widmer Thomas, quien junto al JEMCO transmitieron en nombre del personal del Estado Mayor Conjunto al General Rozas, el aprecio y admiraci\u00f3n a Carabineros de Chile extendi\u00e9ndolo a todos quienes forman parte de la polic\u00eda uniformada, reiterando el reconocimiento a la abnegada labor que cumplen todos sus integrantes.<\/span><\/p>\n<p><a href=\"https:\/\/www.emco.mil.cl\/wp-content\/uploads\/1-68.jpg\"><img decoding=\"async\" class=\"aligncenter size-full wp-image-4590\" src=\"https:\/\/www.emco.mil.cl\/wp-content\/uploads\/1-68.jpg\" alt=\"1\" width=\"620\" height=\"413\"><\/a><\/p>\n","protected":false},"excerpt":{"rendered":"<p>Con motivo del nonag\u00e9simo segundo aniversario de Carabineros de Chile, el Jefe del Estado Mayor Conjunto, Vicealmirante Rodrigo \u00c1lvarez Aguirre, realiz\u00f3 los saludos protocolares al General Director de Carabineros, Mario Rozas C\u00f3rdova, en dependencias de la Direcci\u00f3n General de Carabineros de Chile. Al encuentro tambi\u00e9n asisti\u00f3 el Subjefe del Estado Mayor Conjunto, General de Aviaci\u00f3n&#8230;<\/p>\n","protected":false},"author":5,"featured_media":5823,"comment_status":"closed","ping_status":"closed","sticky":false,"template":"","format":"standard","meta":{"_kad_post_transparent":"","_kad_post_title":"","_kad_post_layout":"","_kad_post_sidebar_id":"","_kad_post_content_style":"","_kad_post_vertical_padding":"","_kad_post_feature":"","_kad_post_feature_position":"","_kad_post_header":false,"_kad_post_footer":false,"footnotes":""},"categories":[15,3],"tags":[],"class_list":["post-4589","post","type-post","status-publish","format-standard","has-post-thumbnail","hentry","category-15","category-noticias"],"_links":{"self":[{"href":"https:\/\/www.emco.mil.cl\/index.php\/wp-json\/wp\/v2\/posts\/4589","targetHints":{"allow":["GET"]}}],"collection":[{"href":"https:\/\/www.emco.mil.cl\/index.php\/wp-json\/wp\/v2\/posts"}],"about":[{"href":"https:\/\/www.emco.mil.cl\/index.php\/wp-json\/wp\/v2\/types\/post"}],"author":[{"embeddable":true,"href":"https:\/\/www.emco.mil.cl\/index.php\/wp-json\/wp\/v2\/users\/5"}],"replies":[{"embeddable":true,"href":"https:\/\/www.emco.mil.cl\/index.php\/wp-json\/wp\/v2\/comments?post=4589"}],"version-history":[{"count":1,"href":"https:\/\/www.emco.mil.cl\/index.php\/wp-json\/wp\/v2\/posts\/4589\/revisions"}],"predecessor-version":[{"id":5970,"href":"https:\/\/www.emco.mil.cl\/index.php\/wp-json\/wp\/v2\/posts\/4589\/revisions\/5970"}],"wp:featuredmedia":[{"embeddable":true,"href":"https:\/\/www.emco.mil.cl\/index.php\/wp-json\/wp\/v2\/media\/5823"}],"wp:attachment":[{"href":"https:\/\/www.emco.mil.cl\/index.php\/wp-json\/wp\/v2\/media?parent=4589"}],"wp:term":[{"taxonomy":"category","embeddable":true,"href":"https:\/\/www.emco.mil.cl\/index.php\/wp-json\/wp\/v2\/categories?post=4589"},{"taxonomy":"post_tag","embeddable":true,"href":"https:\/\/www.emco.mil.cl\/index.php\/wp-json\/wp\/v2\/tags?post=4589"}],"curies":[{"name":"wp","href":"https:\/\/api.w.org\/{rel}","templated":true}]}}