{"id":4581,"date":"2019-04-25T20:06:23","date_gmt":"2019-04-25T20:06:23","guid":{"rendered":"http:\/\/www.emco.mil.cl\/?p=4581"},"modified":"2021-09-28T12:26:56","modified_gmt":"2021-09-28T15:26:56","slug":"saludo-protocolar-del-director-del-centro-de-estudios-hemisfericos-de-defensa-william-j-perry","status":"publish","type":"post","link":"https:\/\/www.emco.mil.cl\/index.php\/2019\/04\/25\/saludo-protocolar-del-director-del-centro-de-estudios-hemisfericos-de-defensa-william-j-perry\/","title":{"rendered":"Saludo protocolar del Director del Centro de Estudios Hemisf\u00e9ricos de Defensa \u201cWilliam J.Perry\u201d"},"content":{"rendered":"<p><span style=\"font-size: 12pt; color: #000000;\">El Teniente General (R) del Ej\u00e9rcito de los Estados Unidos, Frederick S. Rudesheim, Director del Centro de Estudios Hemisf\u00e9ricos de Defensa \u201cWilliam J.Perry\u201d, visit\u00f3 y realiz\u00f3 saludos protocolares al Jefe del Estado Mayor Conjunto, Vicealmirante Rodrigo \u00c1lvarez.<\/span><\/p>\n<p><span style=\"font-size: 12pt; color: #000000;\"><a style=\"color: #000000;\" href=\"https:\/\/www.emco.mil.cl\/wp-content\/uploads\/2-67.jpg\"><img fetchpriority=\"high\" decoding=\"async\" class=\"aligncenter size-full wp-image-4584\" src=\"https:\/\/www.emco.mil.cl\/wp-content\/uploads\/2-67.jpg\" alt=\"2\" width=\"620\" height=\"413\"><\/a><\/span><\/p>\n<p><span style=\"font-size: 12pt; color: #000000;\">El General Rudesheim, quien tiene una distinguida carrera militar en los EE.UU., dirige el Centro de Estudios Hemisf\u00e9ricos de Defensa \u201cWilliam J.Perry\u201d, donde fomentan y re\u00fanen a la comunidad de profesionales de seguridad y defensa del Hemisferio Occidental para buscar enfoques de apoyo mutuo a los desaf\u00edos comunes, con el fin de desarrollar una capacidad institucional eficaz y sostenible, adem\u00e1s de promover una mayor comprensi\u00f3n de la pol\u00edtica regional de los Estados Unidos.<\/span><\/p>\n<p><span style=\"font-size: 12pt; color: #000000;\"><a style=\"color: #000000;\" href=\"https:\/\/www.emco.mil.cl\/wp-content\/uploads\/1-67.jpg\"><img decoding=\"async\" class=\"aligncenter size-full wp-image-4582\" src=\"https:\/\/www.emco.mil.cl\/wp-content\/uploads\/1-67.jpg\" alt=\"1\" width=\"620\" height=\"413\"><\/a><\/span><\/p>\n<p><span style=\"font-size: 12pt; color: #000000;\">Luego del saludo al JEMCO, el General (R) Rudesheim, acompa\u00f1ado del Director de la Academia Nacional de Estudios Pol\u00edticas y Estrat\u00e9gicos (ANEPE), Contraalmirante Leonel Mu\u00f1oz, se dirigieron al Auditorio del Ministerio de Defensa Nacional, en donde realiz\u00f3 una charla sobre \u201c<em>Conjuntes e interagencial<\/em>\u201d, a delegaciones de las ramas de las Fuerzas Armadas y del Estado Mayor Conjunto.<\/span><\/p>\n","protected":false},"excerpt":{"rendered":"<p>El Teniente General (R) del Ej\u00e9rcito de los Estados Unidos, Frederick S. Rudesheim, Director del Centro de Estudios Hemisf\u00e9ricos de Defensa \u201cWilliam J.Perry\u201d, visit\u00f3 y realiz\u00f3 saludos protocolares al Jefe del Estado Mayor Conjunto, Vicealmirante Rodrigo \u00c1lvarez. El General Rudesheim, quien tiene una distinguida carrera militar en los EE.UU., dirige el Centro de Estudios Hemisf\u00e9ricos&#8230;<\/p>\n","protected":false},"author":5,"featured_media":5823,"comment_status":"closed","ping_status":"closed","sticky":false,"template":"","format":"standard","meta":{"_kad_post_transparent":"","_kad_post_title":"","_kad_post_layout":"","_kad_post_sidebar_id":"","_kad_post_content_style":"","_kad_post_vertical_padding":"","_kad_post_feature":"","_kad_post_feature_position":"","_kad_post_header":false,"_kad_post_footer":false,"footnotes":""},"categories":[15,3],"tags":[],"class_list":["post-4581","post","type-post","status-publish","format-standard","has-post-thumbnail","hentry","category-15","category-noticias"],"_links":{"self":[{"href":"https:\/\/www.emco.mil.cl\/index.php\/wp-json\/wp\/v2\/posts\/4581","targetHints":{"allow":["GET"]}}],"collection":[{"href":"https:\/\/www.emco.mil.cl\/index.php\/wp-json\/wp\/v2\/posts"}],"about":[{"href":"https:\/\/www.emco.mil.cl\/index.php\/wp-json\/wp\/v2\/types\/post"}],"author":[{"embeddable":true,"href":"https:\/\/www.emco.mil.cl\/index.php\/wp-json\/wp\/v2\/users\/5"}],"replies":[{"embeddable":true,"href":"https:\/\/www.emco.mil.cl\/index.php\/wp-json\/wp\/v2\/comments?post=4581"}],"version-history":[{"count":1,"href":"https:\/\/www.emco.mil.cl\/index.php\/wp-json\/wp\/v2\/posts\/4581\/revisions"}],"predecessor-version":[{"id":5971,"href":"https:\/\/www.emco.mil.cl\/index.php\/wp-json\/wp\/v2\/posts\/4581\/revisions\/5971"}],"wp:featuredmedia":[{"embeddable":true,"href":"https:\/\/www.emco.mil.cl\/index.php\/wp-json\/wp\/v2\/media\/5823"}],"wp:attachment":[{"href":"https:\/\/www.emco.mil.cl\/index.php\/wp-json\/wp\/v2\/media?parent=4581"}],"wp:term":[{"taxonomy":"category","embeddable":true,"href":"https:\/\/www.emco.mil.cl\/index.php\/wp-json\/wp\/v2\/categories?post=4581"},{"taxonomy":"post_tag","embeddable":true,"href":"https:\/\/www.emco.mil.cl\/index.php\/wp-json\/wp\/v2\/tags?post=4581"}],"curies":[{"name":"wp","href":"https:\/\/api.w.org\/{rel}","templated":true}]}}