{"id":4564,"date":"2019-04-17T16:17:30","date_gmt":"2019-04-17T16:17:30","guid":{"rendered":"http:\/\/www.emco.mil.cl\/?p=4564"},"modified":"2021-09-28T12:27:40","modified_gmt":"2021-09-28T15:27:40","slug":"xi-reunion-anual-de-planificacion-del-programa-de-estados-asociados-chile-texas","status":"publish","type":"post","link":"https:\/\/www.emco.mil.cl\/index.php\/2019\/04\/17\/xi-reunion-anual-de-planificacion-del-programa-de-estados-asociados-chile-texas\/","title":{"rendered":"XI Reuni\u00f3n Anual de Planificaci\u00f3n del Programa de Estados Asociados Chile &#8211; Texas"},"content":{"rendered":"<p><span style=\"font-size: 12pt; color: #000000;\">Entre el 10 y el 12 de abril, en Austin, Texas, EE.UU., se llev\u00f3 a cabo la XI Reuni\u00f3n anual de Planificaci\u00f3n del Programa de Estados Asociados entre Chile y Texas (<em>State Partnership Program \u2013 SPP<\/em>&nbsp;en ingl\u00e9s).<\/span><\/p>\n<p><span style=\"font-size: 12pt; color: #000000;\">El Subjefe del Estado Mayor Conjunto, General de Aviaci\u00f3n Albert Widmer presidi\u00f3 la delegaci\u00f3n chilena, compuesta por el General de Brigada, Carlos Castillo del Ej\u00e9rcito, el Contralmirante Leonardo Quijaro de la Armada y el Coronel Nelson Pardo de la Fuerza A\u00e9rea como representantes de las FFAA de Chile. Por parte del Departamento Militar de Texas, la autoridad principal fue la General de Brigada Tracy R. Norris. &nbsp;<\/span><\/p>\n<p><a href=\"https:\/\/www.emco.mil.cl\/wp-content\/uploads\/11-8.jpg\"><img fetchpriority=\"high\" decoding=\"async\" class=\"aligncenter size-full wp-image-4559\" src=\"https:\/\/www.emco.mil.cl\/wp-content\/uploads\/11-8.jpg\" alt=\"11\" width=\"620\" height=\"413\"><\/a><\/p>\n<p><span style=\"font-size: 12pt; color: #000000;\">Entre los temas tratados en la reuni\u00f3n anual se definieron fechas y lugares para la realizaci\u00f3n de 45 actividades bilaterales en total, adem\u00e1s de reafirmar el compromiso tanto de las FF.AA. chilenas como del Departamento Militar, recalcando la importancia a nivel ministerial de este programa.<\/span><\/p>\n<p><a href=\"https:\/\/www.emco.mil.cl\/wp-content\/uploads\/33-4.jpg\"><img decoding=\"async\" class=\"aligncenter size-full wp-image-4561\" src=\"https:\/\/www.emco.mil.cl\/wp-content\/uploads\/33-4.jpg\" alt=\"33\" width=\"620\" height=\"413\"><\/a><\/p>\n<p><span style=\"font-size: 12pt; color: #000000;\">La reuni\u00f3n culmin\u00f3 con un acto solemne, que se realiz\u00f3 en el Capitolio de Texas, donde se llev\u00f3 a cabo la firma de las actas de la reuni\u00f3n. Tambi\u00e9n se conmemoraron los 10 a\u00f1os desde que se cre\u00f3 el acuerdo de este Programa de asociaci\u00f3n entre las FF.AA. de Chile y el Departamento Militar de Texas. Esta actividad cont\u00f3 con presencia del Secretario Adjunto de Estado Jos\u00e9 A. Esparza.<\/span><\/p>\n<p><a href=\"https:\/\/www.emco.mil.cl\/wp-content\/uploads\/22-3.jpg\"><img decoding=\"async\" class=\"aligncenter size-full wp-image-4560\" src=\"https:\/\/www.emco.mil.cl\/wp-content\/uploads\/22-3.jpg\" alt=\"22\" width=\"620\" height=\"413\"><\/a><\/p>\n<p><span style=\"font-size: 12pt; color: #000000;\">El General Widmer, como representante del Estado Mayor Conjunto y las FF.AA. de Chile, realiz\u00f3 un discurso frente al plenario del Congreso de Texas donde expres\u00f3 el honor y el privilegio de participar de la reuni\u00f3n del programa y del aniversario de los 10 a\u00f1os de convenio entre Chile y Texas.<\/span><\/p>\n<p><span style=\"font-size: 12pt; color: #000000;\"><strong><em>\u201cEn el homenaje que se hizo en el plenario del Capitolio, realmente expresa el respeto que se le tienen a las Fuerzas Armadas de Chile, como Estado asociado a nosotros. Este convenio, en el futuro, ir\u00e1 aumentando cada vez m\u00e1s, creo que estaremos bordeando las 40 actividades bilaterales, esto comenz\u00f3 hace 10 a\u00f1os con s\u00f3lo 9 actividades, es una cifra madura llegar a los 40 eventos, que enriquecen tanto a las Fuerzas Armadas de Texas como las de Chile\u201d,&nbsp;<\/em><\/strong>dijo el SUBJEMCO, GVA Widmer.<\/span><\/p>\n<p><span style=\"font-size: 12pt; color: #000000;\"><strong><u>Programa de Estados Asociados entre el Estado Mayor Conjunto y el Departamento Militar del Estado de Texas<\/u><\/strong><\/span><\/p>\n<p><span style=\"font-size: 12pt; color: #000000;\">El Programa de Estados Asociados entre Chile y el Estado de Texas es un programa de cooperaci\u00f3n de Defensa que tiene como finalidad el intercambio de experiencias, conocimientos, para el estudio y planificaci\u00f3n de Estado Mayor, en las \u00e1reas de personal, inteligencia, operaciones, log\u00edstica, relaciones internacionales, Operaciones de Paz, respuestas ante desastres, apoyo militar para autoridades civiles y otras \u00e1reas de inter\u00e9s, brindando la oportunidad para alcanzar niveles de cooperaci\u00f3n mutua que permitan interoperabilidad a ambas Fuerzas Armadas.<\/span><\/p>\n<p><span style=\"font-size: 12pt; color: #000000;\">Estas actividades, fortalecen el lazo de amistad y cooperaci\u00f3n entre las Fuerzas Armadas chilenas y norteamericanas, adem\u00e1s, de intercambiar y compartir experiencias y conocimientos que ayudan rec\u00edprocamente, tanto a Texas como a nuestro pa\u00eds en materias de Defensa.<\/span><\/p>\n<p><a href=\"https:\/\/www.emco.mil.cl\/wp-content\/uploads\/dadsdsadasddd.jpg\"><img loading=\"lazy\" decoding=\"async\" class=\"aligncenter size-full wp-image-4566\" src=\"https:\/\/www.emco.mil.cl\/wp-content\/uploads\/dadsdsadasddd.jpg\" alt=\"dadsdsadasddd\" width=\"620\" height=\"355\"><\/a><\/p>\n","protected":false},"excerpt":{"rendered":"<p>Entre el 10 y el 12 de abril, en Austin, Texas, EE.UU., se llev\u00f3 a cabo la XI Reuni\u00f3n anual de Planificaci\u00f3n del Programa de Estados Asociados entre Chile y Texas (State Partnership Program \u2013 SPP&nbsp;en ingl\u00e9s). El Subjefe del Estado Mayor Conjunto, General de Aviaci\u00f3n Albert Widmer presidi\u00f3 la delegaci\u00f3n chilena, compuesta por el&#8230;<\/p>\n","protected":false},"author":5,"featured_media":5823,"comment_status":"closed","ping_status":"closed","sticky":false,"template":"","format":"standard","meta":{"_kad_post_transparent":"","_kad_post_title":"","_kad_post_layout":"","_kad_post_sidebar_id":"","_kad_post_content_style":"","_kad_post_vertical_padding":"","_kad_post_feature":"","_kad_post_feature_position":"","_kad_post_header":false,"_kad_post_footer":false,"footnotes":""},"categories":[15,3],"tags":[],"class_list":["post-4564","post","type-post","status-publish","format-standard","has-post-thumbnail","hentry","category-15","category-noticias"],"_links":{"self":[{"href":"https:\/\/www.emco.mil.cl\/index.php\/wp-json\/wp\/v2\/posts\/4564","targetHints":{"allow":["GET"]}}],"collection":[{"href":"https:\/\/www.emco.mil.cl\/index.php\/wp-json\/wp\/v2\/posts"}],"about":[{"href":"https:\/\/www.emco.mil.cl\/index.php\/wp-json\/wp\/v2\/types\/post"}],"author":[{"embeddable":true,"href":"https:\/\/www.emco.mil.cl\/index.php\/wp-json\/wp\/v2\/users\/5"}],"replies":[{"embeddable":true,"href":"https:\/\/www.emco.mil.cl\/index.php\/wp-json\/wp\/v2\/comments?post=4564"}],"version-history":[{"count":1,"href":"https:\/\/www.emco.mil.cl\/index.php\/wp-json\/wp\/v2\/posts\/4564\/revisions"}],"predecessor-version":[{"id":5972,"href":"https:\/\/www.emco.mil.cl\/index.php\/wp-json\/wp\/v2\/posts\/4564\/revisions\/5972"}],"wp:featuredmedia":[{"embeddable":true,"href":"https:\/\/www.emco.mil.cl\/index.php\/wp-json\/wp\/v2\/media\/5823"}],"wp:attachment":[{"href":"https:\/\/www.emco.mil.cl\/index.php\/wp-json\/wp\/v2\/media?parent=4564"}],"wp:term":[{"taxonomy":"category","embeddable":true,"href":"https:\/\/www.emco.mil.cl\/index.php\/wp-json\/wp\/v2\/categories?post=4564"},{"taxonomy":"post_tag","embeddable":true,"href":"https:\/\/www.emco.mil.cl\/index.php\/wp-json\/wp\/v2\/tags?post=4564"}],"curies":[{"name":"wp","href":"https:\/\/api.w.org\/{rel}","templated":true}]}}