{"id":4549,"date":"2019-04-10T15:50:33","date_gmt":"2019-04-10T15:50:33","guid":{"rendered":"http:\/\/www.emco.mil.cl\/?p=4549"},"modified":"2021-09-28T12:28:31","modified_gmt":"2021-09-28T15:28:31","slug":"44-reunion-de-la-subcomision-de-catalogacion-ampliada","status":"publish","type":"post","link":"https:\/\/www.emco.mil.cl\/index.php\/2019\/04\/10\/44-reunion-de-la-subcomision-de-catalogacion-ampliada\/","title":{"rendered":"44\u00b0 Reuni\u00f3n de la Subcomisi\u00f3n de Catalogaci\u00f3n Ampliada"},"content":{"rendered":"<p><span style=\"font-size: 12pt; color: #000000;\">Este mi\u00e9rcoles 10 de abril, en el Estado Mayor Conjunto (EMCO), se llev\u00f3 a cabo la 44\u00b0 Reuni\u00f3n de la Subcomisi\u00f3n de Catalogaci\u00f3n Ampliada, realizada por la Oficina de Catalogaci\u00f3n de la Defensa, dependiente de la Direcci\u00f3n de Personal y Log\u00edstica (DIPERLOG) del EMCO.<\/span><\/p>\n<p><a href=\"https:\/\/www.emco.mil.cl\/wp-content\/uploads\/2-66.jpg\"><img fetchpriority=\"high\" decoding=\"async\" class=\"aligncenter size-full wp-image-4553\" src=\"https:\/\/www.emco.mil.cl\/wp-content\/uploads\/2-66.jpg\" alt=\"2\" width=\"620\" height=\"414\"><\/a><\/p>\n<p><span style=\"font-size: 12pt; color: #000000;\">En la actividad particip\u00f3 personal del Estado Mayor Conjunto, la Subsecretar\u00eda de Defensa, representantes de las ramas de las FF.AA., de F\u00e1bricas y Maestranzas del Ej\u00e9rcito de Chile (FAMAE), de Astilleros y Maestranzas de la Armada (ASMAR) y de la Empresa Nacional de Aeron\u00e1utica (ENAER).<\/span><\/p>\n<p><a href=\"https:\/\/www.emco.mil.cl\/wp-content\/uploads\/3-40.jpg\"><img decoding=\"async\" class=\"aligncenter size-full wp-image-4554\" src=\"https:\/\/www.emco.mil.cl\/wp-content\/uploads\/3-40.jpg\" alt=\"3\" width=\"620\" height=\"414\"><\/a><\/p>\n<p><span style=\"font-size: 12pt; color: #000000;\">El objetivo de esta reuni\u00f3n es informar sobre las actividades realizadas y se reiter\u00f3 la importancia del N\u00famero OTAN de Cat\u00e1logo (NOC) y la implementaci\u00f3n de las Cl\u00e1usulas Contractuales de Catalogaci\u00f3n. Tambi\u00e9n, la actividad tuvo como tema principal, la importancia del trabajo entre la Oficina de Catalogaci\u00f3n de la Defensa (OCD) y las oficinas de catalogaci\u00f3n de las instituciones y empresas de la Defensa aut\u00f3nomas del Estado.<\/span><\/p>\n","protected":false},"excerpt":{"rendered":"<p>Este mi\u00e9rcoles 10 de abril, en el Estado Mayor Conjunto (EMCO), se llev\u00f3 a cabo la 44\u00b0 Reuni\u00f3n de la Subcomisi\u00f3n de Catalogaci\u00f3n Ampliada, realizada por la Oficina de Catalogaci\u00f3n de la Defensa, dependiente de la Direcci\u00f3n de Personal y Log\u00edstica (DIPERLOG) del EMCO. En la actividad particip\u00f3 personal del Estado Mayor Conjunto, la Subsecretar\u00eda&#8230;<\/p>\n","protected":false},"author":5,"featured_media":5823,"comment_status":"closed","ping_status":"closed","sticky":false,"template":"","format":"standard","meta":{"_kad_post_transparent":"","_kad_post_title":"","_kad_post_layout":"","_kad_post_sidebar_id":"","_kad_post_content_style":"","_kad_post_vertical_padding":"","_kad_post_feature":"","_kad_post_feature_position":"","_kad_post_header":false,"_kad_post_footer":false,"footnotes":""},"categories":[15,3],"tags":[],"class_list":["post-4549","post","type-post","status-publish","format-standard","has-post-thumbnail","hentry","category-15","category-noticias"],"_links":{"self":[{"href":"https:\/\/www.emco.mil.cl\/index.php\/wp-json\/wp\/v2\/posts\/4549","targetHints":{"allow":["GET"]}}],"collection":[{"href":"https:\/\/www.emco.mil.cl\/index.php\/wp-json\/wp\/v2\/posts"}],"about":[{"href":"https:\/\/www.emco.mil.cl\/index.php\/wp-json\/wp\/v2\/types\/post"}],"author":[{"embeddable":true,"href":"https:\/\/www.emco.mil.cl\/index.php\/wp-json\/wp\/v2\/users\/5"}],"replies":[{"embeddable":true,"href":"https:\/\/www.emco.mil.cl\/index.php\/wp-json\/wp\/v2\/comments?post=4549"}],"version-history":[{"count":1,"href":"https:\/\/www.emco.mil.cl\/index.php\/wp-json\/wp\/v2\/posts\/4549\/revisions"}],"predecessor-version":[{"id":5973,"href":"https:\/\/www.emco.mil.cl\/index.php\/wp-json\/wp\/v2\/posts\/4549\/revisions\/5973"}],"wp:featuredmedia":[{"embeddable":true,"href":"https:\/\/www.emco.mil.cl\/index.php\/wp-json\/wp\/v2\/media\/5823"}],"wp:attachment":[{"href":"https:\/\/www.emco.mil.cl\/index.php\/wp-json\/wp\/v2\/media?parent=4549"}],"wp:term":[{"taxonomy":"category","embeddable":true,"href":"https:\/\/www.emco.mil.cl\/index.php\/wp-json\/wp\/v2\/categories?post=4549"},{"taxonomy":"post_tag","embeddable":true,"href":"https:\/\/www.emco.mil.cl\/index.php\/wp-json\/wp\/v2\/tags?post=4549"}],"curies":[{"name":"wp","href":"https:\/\/api.w.org\/{rel}","templated":true}]}}