{"id":4533,"date":"2019-04-03T11:26:28","date_gmt":"2019-04-03T11:26:28","guid":{"rendered":"http:\/\/www.emco.mil.cl\/?p=4533"},"modified":"2021-09-28T12:29:01","modified_gmt":"2021-09-28T15:29:01","slug":"ceremonia-conmemoracion-dia-nacional-del-brigadista-forestal","status":"publish","type":"post","link":"https:\/\/www.emco.mil.cl\/index.php\/2019\/04\/03\/ceremonia-conmemoracion-dia-nacional-del-brigadista-forestal\/","title":{"rendered":"Ceremonia Conmemoraci\u00f3n D\u00eda Nacional del Brigadista Forestal"},"content":{"rendered":"<p><span style=\"font-size: 12pt; color: #000000;\">Esta ma\u00f1ana, en la Plaza Central del Parque Metropolitano, se realiz\u00f3 la ceremonia Conmemoraci\u00f3n D\u00eda Nacional del Brigadista Forestal presidida por el Ministro de Agricultura, Antonio Walker, el Subsecretario de la cartera, Alfonso Vargas, el director ejecutivo de CONAF, Jos\u00e9 Manuel Rebolledo, el Director de la Oficina Nacional de Emergencia (ONEMI), Ricardo Toro, y Jefe del Estado Mayor Conjunto, Vicealmirante Rodrigo \u00c1lvarez Aguirre, en representaci\u00f3n del Ministro de Defensa Nacional.<\/span><\/p>\n<p><span style=\"font-size: 12pt; color: #000000;\"><a style=\"color: #000000;\" href=\"https:\/\/www.emco.mil.cl\/wp-content\/uploads\/foto1-11.jpg\"><img fetchpriority=\"high\" decoding=\"async\" class=\"aligncenter size-full wp-image-4534\" src=\"https:\/\/www.emco.mil.cl\/wp-content\/uploads\/foto1-11.jpg\" alt=\"foto1\" width=\"620\" height=\"414\"><\/a><\/span><\/p>\n<p><span style=\"font-size: 12pt; color: #000000;\">Durante esta temporada, Chile cont\u00f3 con una in\u00e9dita fuerza terrestre al disponer de 2.876 brigadistas de CONAF, m\u00e1s efectivos del Ej\u00e9rcito y de la Armada en combate de incendios forestales, como tambi\u00e9n los cuerpos de Bomberos de todo el pa\u00eds y los 3.000 brigadistas pertenecientes a las empresas forestales. Hist\u00f3rica fue, adem\u00e1s, la flota a\u00e9rea, al participar en el control del fuego 54 aeronaves de CONAF, incluyendo los dos aviones Ten Tanker, de Estados Unidos, con capacidad de 36.000 litros de agua cada uno, y el helic\u00f3ptero ruso Kamov, con capacidad de 5.000 litros de descarga y capaz de enfrentar fuertes vientos. A ello hay que sumar las 50 aeronaves de las empresas forestales.<\/span><\/p>\n<p><span style=\"font-size: 12pt; color: #000000;\">El Ministro de Agricultura hizo un reconocimiento a todos quien trabajaron en las distintas emergencias, indicando: <strong><em>\u201cLo primero que tenemos que hacer cuando termine esta temporada es conversar y tomar las lecciones aprendidas. La verdad es que con cada temporada de incendios se aprende much\u00edsimo (\u2026), por eso, no tenemos que ser autocomplacientes, tenemos que revisar el procedimiento que tuvimos este a\u00f1o para as\u00ed ver qu\u00e9 lecciones aprendemos para ser cada vez m\u00e1s eficaces en la prevenci\u00f3n y control de incendios en los pr\u00f3ximos a\u00f1os\u201d<\/em><\/strong>. Reconociendo la importante labor que realizan los m\u00e1s de 6.000 brigadistas de CONAF, las Fuerzas Armadas (Ej\u00e9rcito y Armada), Bomberos y las empresas forestales, durante la conmemoraci\u00f3n del D\u00eda Nacional del Brigadista Forestal.<\/span><\/p>\n<p><span style=\"font-size: 12pt; color: #000000;\"><img decoding=\"async\" class=\"aligncenter size-full wp-image-4537\" src=\"https:\/\/www.emco.mil.cl\/wp-content\/uploads\/foto4-1.jpg\" alt=\"foto4\" width=\"620\" height=\"414\"><\/span><\/p>\n<p><span style=\"font-size: 12pt; color: #000000;\">El Ministro Walker tambi\u00e9n destac\u00f3, adem\u00e1s, que: \u201c<strong><em>Fue muy impresionante comprobar el cari\u00f1o que le tiene la gente a las Fuerzas Armadas. FFAA, que no solamente est\u00e1n para la guerra, sino que est\u00e1n para servir a nuestro pa\u00eds en las lluvias altipl\u00e1nicas en los incendios del sur y en el norte, y en todas las emergencias que tuvimos este a\u00f1o. Por lo que hacemos un reconocimiento especial para estas FFAA Polivalentes, que participan en las emergencias que tiene nuestra poblaci\u00f3n, y que hoy est\u00e1n cada vez m\u00e1s cerca de la gente con estas tremendas capacidades que tienen<\/em><\/strong>\u201d.<\/span><\/p>\n<p><span style=\"font-size: 12pt; color: #000000;\">El titular del agro, a su vez, destac\u00f3 el refuerzo que el gobierno, a trav\u00e9s de la Corporaci\u00f3n Nacional Forestal (CONAF) ha hecho esta temporada en materia de apoyo a las acciones de prevenci\u00f3n y combate de incendios forestales 2018-2019, periodo para el que se aprob\u00f3 un presupuesto de $ 53.000 millones, lo que equivale a un 25% m\u00e1s respecto al per\u00edodo anterior.<\/span><\/p>\n<p><span style=\"font-size: 12pt; color: #000000;\">En tanto, el Jefe del Estado Mayor Conjunto, en representaci\u00f3n del Ministro de Defensa Nacional, agradeci\u00f3 el reconocimiento a las FFAA y la contribuci\u00f3n de estas en las emergencias, se\u00f1alando que: \u201c<strong>E<em>s evidente el gran avance en nuestra institucionalidad en el \u00e1mbito de la gesti\u00f3n del riesgo de desastres y la creciente participaci\u00f3n, que los medios de las FFAA han tenido en diversas emergencias en apoyo al combate y control de los incendios, gracias a su polivalencia<\/em><\/strong>. Destacando adem\u00e1s que el Estado Mayor Conjunto como representante del Sector de la Defensa y entre coordinador de las FFAA: \u201c<strong><em>No solo&nbsp;est\u00e1 presente en la respuesta, sino que participa en todo el ciclo de la gesti\u00f3n del riesgo de desastres, apoyando antes, durante y despu\u00e9s, en beneficio de las vidas de los ciudadanos, sus bienes y el medio ambiente<\/em><\/strong>\u201d.<\/span><\/p>\n<p><span style=\"font-size: 12pt; color: #000000;\"><a style=\"color: #000000;\" href=\"https:\/\/www.emco.mil.cl\/wp-content\/uploads\/foto3-4.jpg\"><img decoding=\"async\" class=\"aligncenter size-full wp-image-4536\" src=\"https:\/\/www.emco.mil.cl\/wp-content\/uploads\/foto3-4.jpg\" alt=\"foto3\" width=\"620\" height=\"414\"><\/a><\/span><\/p>\n<p><span style=\"font-size: 12pt; color: #000000;\">Durante los d\u00edas bajo estado de Excepci\u00f3n Constitucional, que afectaron las regiones con emergencias, se emplearon m\u00e1s de 9.900 hombres y mujeres del Ej\u00e9rcito, Armada y Fuerza A\u00e9rea, con el empleo de 27 Brigadas Forestales, 10 unidades fundamentales del Ej\u00e9rcito y la Armada, 013 Helic\u00f3pteros del Ej\u00e9rcito y FACh, aviones no tripulados para la detecci\u00f3n y monitoreo de focos de incendio, aviones gu\u00edas de la Armada y FACh en apoyo de los aviones Ten Tanker y una gran cantidad de medios de apoyo log\u00edstico, con un aporte significativo en el combate de los incendios forestales y emergencias en general.<\/span><\/p>\n<p><span style=\"font-size: 12pt; color: #000000;\">Por su parte, el Director Nacional de la CONAF, Jos\u00e9 Manuel Rebolledo, se\u00f1al\u00f3 que \u201c<strong><em>la mejor manera de reconocer y valorar el trabajo de nuestros m\u00e1rtires y brigadistas es con un fuerte compromiso con la prevenci\u00f3n y cuidado de nuestra naturaleza. Su labor junto a brigadistas de empresas, bomberos, ej\u00e9rcito, armada y tantos otros, es una gran muestra de unidad y trabajo en equipo para ir en protecci\u00f3n directa de nuestra gente, sus viviendas y recursos naturales. Hemos visto en terreno su trabajo y los hemos escuchado decir que lo que m\u00e1s les importa es ayudar a la gente. Que eso es lo que los hace volver temporada tras temporada. Sin duda tenemos un gran grupo humano que est\u00e1 ac\u00e1 por vocaci\u00f3n<\/em><\/strong>\u201d.<\/span><\/p>\n<p><span style=\"font-size: 12pt; color: #000000;\"><img loading=\"lazy\" decoding=\"async\" class=\"aligncenter size-full wp-image-4535\" src=\"https:\/\/www.emco.mil.cl\/wp-content\/uploads\/foto2-5.jpg\" alt=\"foto2\" width=\"620\" height=\"414\"><\/span><\/p>\n<p><span style=\"font-size: 12pt; color: #000000;\"><strong>Origen de la Conmemoraci\u00f3n<\/strong><\/span><\/p>\n<p><span style=\"font-size: 12pt; color: #000000;\">El origen de esta conmemoraci\u00f3n, cuya fecha efectiva es el 15 de febrero, se instaur\u00f3 en 2009, en recuerdo de los 12 brigadistas y el piloto de helic\u00f3ptero de Forestal Celco que los transportaba, fallecidos en 2009, en las cercan\u00edas de Cauquenes, Regi\u00f3n del Maule. Desde 1969 a la fecha, han fallecido en el combate de incendios forestales un total de 71 brigadistas y pilotos de aviones y helic\u00f3pteros, de los cuales 34 son de CONAF y 37 de empresas privadas.<\/span><\/p>\n<p><span style=\"font-size: 12pt; color: #000000;\">Cabe recordar que, en la historia, desde 1969 a la fecha, han fallecido en el combate de incendios forestales un total de 71 brigadistas y pilotos de aviones y helic\u00f3pteros, de los cuales 34 son de CONAF y 37 de empresas privadas. Adem\u00e1s, hay 7 brigadistas forestales que fallecieron combatiendo siniestros en el extranjero, todos ellos en Portugal, en el a\u00f1o 2006.<\/span><\/p>\n","protected":false},"excerpt":{"rendered":"<p>Esta ma\u00f1ana, en la Plaza Central del Parque Metropolitano, se realiz\u00f3 la ceremonia Conmemoraci\u00f3n D\u00eda Nacional del Brigadista Forestal presidida por el Ministro de Agricultura, Antonio Walker, el Subsecretario de la cartera, Alfonso Vargas, el director ejecutivo de CONAF, Jos\u00e9 Manuel Rebolledo, el Director de la Oficina Nacional de Emergencia (ONEMI), Ricardo Toro, y Jefe&#8230;<\/p>\n","protected":false},"author":5,"featured_media":5823,"comment_status":"closed","ping_status":"closed","sticky":false,"template":"","format":"standard","meta":{"_kad_post_transparent":"","_kad_post_title":"","_kad_post_layout":"","_kad_post_sidebar_id":"","_kad_post_content_style":"","_kad_post_vertical_padding":"","_kad_post_feature":"","_kad_post_feature_position":"","_kad_post_header":false,"_kad_post_footer":false,"footnotes":""},"categories":[15,3],"tags":[],"class_list":["post-4533","post","type-post","status-publish","format-standard","has-post-thumbnail","hentry","category-15","category-noticias"],"_links":{"self":[{"href":"https:\/\/www.emco.mil.cl\/index.php\/wp-json\/wp\/v2\/posts\/4533","targetHints":{"allow":["GET"]}}],"collection":[{"href":"https:\/\/www.emco.mil.cl\/index.php\/wp-json\/wp\/v2\/posts"}],"about":[{"href":"https:\/\/www.emco.mil.cl\/index.php\/wp-json\/wp\/v2\/types\/post"}],"author":[{"embeddable":true,"href":"https:\/\/www.emco.mil.cl\/index.php\/wp-json\/wp\/v2\/users\/5"}],"replies":[{"embeddable":true,"href":"https:\/\/www.emco.mil.cl\/index.php\/wp-json\/wp\/v2\/comments?post=4533"}],"version-history":[{"count":1,"href":"https:\/\/www.emco.mil.cl\/index.php\/wp-json\/wp\/v2\/posts\/4533\/revisions"}],"predecessor-version":[{"id":5974,"href":"https:\/\/www.emco.mil.cl\/index.php\/wp-json\/wp\/v2\/posts\/4533\/revisions\/5974"}],"wp:featuredmedia":[{"embeddable":true,"href":"https:\/\/www.emco.mil.cl\/index.php\/wp-json\/wp\/v2\/media\/5823"}],"wp:attachment":[{"href":"https:\/\/www.emco.mil.cl\/index.php\/wp-json\/wp\/v2\/media?parent=4533"}],"wp:term":[{"taxonomy":"category","embeddable":true,"href":"https:\/\/www.emco.mil.cl\/index.php\/wp-json\/wp\/v2\/categories?post=4533"},{"taxonomy":"post_tag","embeddable":true,"href":"https:\/\/www.emco.mil.cl\/index.php\/wp-json\/wp\/v2\/tags?post=4533"}],"curies":[{"name":"wp","href":"https:\/\/api.w.org\/{rel}","templated":true}]}}