{"id":4520,"date":"2019-03-27T19:00:09","date_gmt":"2019-03-27T19:00:09","guid":{"rendered":"http:\/\/www.emco.mil.cl\/?p=4520"},"modified":"2021-09-28T12:30:04","modified_gmt":"2021-09-28T15:30:04","slug":"4520","status":"publish","type":"post","link":"https:\/\/www.emco.mil.cl\/index.php\/2019\/03\/27\/4520\/","title":{"rendered":"Jornada de reflexi\u00f3n por emergencia en Regi\u00f3n de Tarapac\u00e1"},"content":{"rendered":"<p><span style=\"font-size: 12pt; color: #000000;\">En dependencias del Comando de Conjunto Norte, este mi\u00e9rcoles 27 se realiz\u00f3 una Jornada de reflexi\u00f3n con motivo de la emergencia originada por precipitaciones estivales altipl\u00e1nicas, que afect\u00f3 a la Regi\u00f3n de Tarapac\u00e1 durante los meses de enero y febrero del presente a\u00f1o.<\/span><\/p>\n<p><span style=\"font-size: 12pt; color: #000000;\"><a style=\"color: #000000;\" href=\"https:\/\/www.emco.mil.cl\/wp-content\/uploads\/Jornada-reflexi\u00f3n-emergencia-1.jpg\"><img fetchpriority=\"high\" decoding=\"async\" class=\"aligncenter wp-image-4521\" src=\"https:\/\/www.emco.mil.cl\/wp-content\/uploads\/Jornada-reflexi\u00f3n-emergencia-1.jpg\" alt=\"Jornada-reflexi\u00f3n-emergencia-1\" width=\"620\" height=\"413\"><\/a><\/span><\/p>\n<p><span style=\"font-size: 12pt; color: #000000;\">La reuni\u00f3n fue presidida por el Intendente Regional de Tarapac\u00e1, Miguel \u00c1ngel Quezada y El Comandante de Comando de Conjunto Norte, General de Divisi\u00f3n Sr. Juan Carlos Henr\u00edquez Barrera. As\u00ed mismo, cont\u00f3 con la participaci\u00f3n del Gobernador de la Provincia del Tamarugal, Director Regional de ONEMI, Seremis y Oficiales de las FF.AA, Alcaldes y sus representas de las Comunas de Iquique, Alto Hospicio, Pica, Huara y Colchane.<\/span><\/p>\n<p><span style=\"font-size: 12pt; color: #000000;\"><a style=\"color: #000000;\" href=\"https:\/\/www.emco.mil.cl\/wp-content\/uploads\/Jornada-reflexi\u00f3n-emergencia-3.jpg\"><img decoding=\"async\" class=\"aligncenter wp-image-4523\" src=\"https:\/\/www.emco.mil.cl\/wp-content\/uploads\/Jornada-reflexi\u00f3n-emergencia-3.jpg\" alt=\"Jornada-reflexi\u00f3n-emergencia-3\" width=\"620\" height=\"413\"><\/a><\/span><\/p>\n<p><span style=\"font-size: 12pt; color: #000000;\">Durante la jornada se efectuaron exposiciones sobre \u00abAn\u00e1lisis cr\u00edtico de la organizaci\u00f3n y funcionamiento de las fuerzas de tareas en normalidad, aciertos, desaciertos y propuestas de ajustes por Director&nbsp; de ONEMI Regional, Sr. \u00c1lvaro Hormaz\u00e1bal L\u00f3pez; La ayuda humanitaria en la emergencia por la SEREMI de Desarrollo Social, Sra. Katherine Aliaga Araya; El liderazgo de Autoridades en la planificaci\u00f3n y conducci\u00f3n en emergencias y sus alcances en la gobernabilidad de la regi\u00f3n por el Intendente Regional, Sr. Miguel Quezada Torres; y sobre los alcances del sector defensa en la protecci\u00f3n civil. Experiencias y Desaf\u00edos futuros por el Comandante del Comando Conjunto Norte.<\/span><\/p>\n<p><span style=\"font-size: 12pt; color: #000000;\"><a style=\"color: #000000;\" href=\"https:\/\/www.emco.mil.cl\/wp-content\/uploads\/Jornada-reflexi\u00f3n-emergencia-2.jpg\"><img decoding=\"async\" class=\"aligncenter wp-image-4522\" src=\"https:\/\/www.emco.mil.cl\/wp-content\/uploads\/Jornada-reflexi\u00f3n-emergencia-2.jpg\" alt=\"Jornada-reflexi\u00f3n-emergencia-2\" width=\"620\" height=\"413\"><\/a><\/span><\/p>\n<p><span style=\"font-size: 12pt; color: #000000;\">Durante la exposici\u00f3n, el General Henr\u00edquez, inst\u00f3 a los participantes <strong><em>a generar un espacio de reflexi\u00f3n, di\u00e1logo y discusi\u00f3n para generar el intercambio de experiencia entre cada uno de los actores presentes con el prop\u00f3sito de mejorar y fortalecer la respuesta de protecci\u00f3n civil y asistencia a la poblaci\u00f3n en casos de emergencia como la que afecto reciamente a la Regi\u00f3n de Tarapac\u00e1<\/em><\/strong>.<\/span><\/p>\n","protected":false},"excerpt":{"rendered":"<p>En dependencias del Comando de Conjunto Norte, este mi\u00e9rcoles 27 se realiz\u00f3 una Jornada de reflexi\u00f3n con motivo de la emergencia originada por precipitaciones estivales altipl\u00e1nicas, que afect\u00f3 a la Regi\u00f3n de Tarapac\u00e1 durante los meses de enero y febrero del presente a\u00f1o. La reuni\u00f3n fue presidida por el Intendente Regional de Tarapac\u00e1, Miguel \u00c1ngel&#8230;<\/p>\n","protected":false},"author":5,"featured_media":5823,"comment_status":"closed","ping_status":"closed","sticky":false,"template":"","format":"standard","meta":{"_kad_post_transparent":"","_kad_post_title":"","_kad_post_layout":"","_kad_post_sidebar_id":"","_kad_post_content_style":"","_kad_post_vertical_padding":"","_kad_post_feature":"","_kad_post_feature_position":"","_kad_post_header":false,"_kad_post_footer":false,"footnotes":""},"categories":[15,3],"tags":[],"class_list":["post-4520","post","type-post","status-publish","format-standard","has-post-thumbnail","hentry","category-15","category-noticias"],"_links":{"self":[{"href":"https:\/\/www.emco.mil.cl\/index.php\/wp-json\/wp\/v2\/posts\/4520","targetHints":{"allow":["GET"]}}],"collection":[{"href":"https:\/\/www.emco.mil.cl\/index.php\/wp-json\/wp\/v2\/posts"}],"about":[{"href":"https:\/\/www.emco.mil.cl\/index.php\/wp-json\/wp\/v2\/types\/post"}],"author":[{"embeddable":true,"href":"https:\/\/www.emco.mil.cl\/index.php\/wp-json\/wp\/v2\/users\/5"}],"replies":[{"embeddable":true,"href":"https:\/\/www.emco.mil.cl\/index.php\/wp-json\/wp\/v2\/comments?post=4520"}],"version-history":[{"count":1,"href":"https:\/\/www.emco.mil.cl\/index.php\/wp-json\/wp\/v2\/posts\/4520\/revisions"}],"predecessor-version":[{"id":5975,"href":"https:\/\/www.emco.mil.cl\/index.php\/wp-json\/wp\/v2\/posts\/4520\/revisions\/5975"}],"wp:featuredmedia":[{"embeddable":true,"href":"https:\/\/www.emco.mil.cl\/index.php\/wp-json\/wp\/v2\/media\/5823"}],"wp:attachment":[{"href":"https:\/\/www.emco.mil.cl\/index.php\/wp-json\/wp\/v2\/media?parent=4520"}],"wp:term":[{"taxonomy":"category","embeddable":true,"href":"https:\/\/www.emco.mil.cl\/index.php\/wp-json\/wp\/v2\/categories?post=4520"},{"taxonomy":"post_tag","embeddable":true,"href":"https:\/\/www.emco.mil.cl\/index.php\/wp-json\/wp\/v2\/tags?post=4520"}],"curies":[{"name":"wp","href":"https:\/\/api.w.org\/{rel}","templated":true}]}}