{"id":4515,"date":"2019-03-20T19:10:09","date_gmt":"2019-03-20T19:10:09","guid":{"rendered":"http:\/\/www.emco.mil.cl\/?p=4515"},"modified":"2021-09-28T12:30:35","modified_gmt":"2021-09-28T15:30:35","slug":"jemco-recibe-a-personal-del-desminado-humanitario","status":"publish","type":"post","link":"https:\/\/www.emco.mil.cl\/index.php\/2019\/03\/20\/jemco-recibe-a-personal-del-desminado-humanitario\/","title":{"rendered":"JEMCO recibe a personal del Desminado Humanitario"},"content":{"rendered":"<p>Esta ma\u00f1ana, el Jefe del Estado Mayor Conjunto, Vicealmirante Rodrigo \u00c1lvarez Aguirre, recibi\u00f3 a los Comandantes de Batall\u00f3n y Unidades de Desminado Humanitario, junto al Secretario Ejecutivo de la Comisi\u00f3n Nacional de Desminado (SECNAD), Coronel Andr\u00e9s C\u00e1ceres Cuadra.<\/p>\n<p>El JEMCO se habl\u00f3 con los presentes agradeci\u00e9ndoles su trabajo en el desminado de nuestras fronteras,<strong><em> \u201cUstedes son los responsables del desminado y los felicito por eso, sabemos que es un trabajo que tiene muchos riesgos (\u2026) y estamos muy conscientes de eso y tambi\u00e9n lo est\u00e1 el Ministro. Va ser muy importante poder decir que Chile est\u00e1 libre 100% de minas y ustedes son los responsables y estamos muy satisfechos por su trabajo, muchas gracias y es un gusto conocerlos personalmente\u201d.<\/em><\/strong><\/p>\n<p><a href=\"https:\/\/www.emco.mil.cl\/wp-content\/uploads\/1-65.jpg\"><img fetchpriority=\"high\" decoding=\"async\" class=\"aligncenter size-full wp-image-4516\" src=\"https:\/\/www.emco.mil.cl\/wp-content\/uploads\/1-65.jpg\" alt=\"1\" width=\"620\" height=\"465\"><\/a><\/p>\n<p>En el contexto de la reuni\u00f3n de planificaci\u00f3n anual del Desminado, el Coronel C\u00e1ceres aprovech\u00f3 la oportunidad para entregarle al Vicealmirante \u00c1lvarez una actualizaci\u00f3n del Desminado humanitario y lo que se ha planificado hasta mediados del 2020, a\u00f1o en el que nuestro pa\u00eds se encontrar\u00e1 libre de minas antipersonales.<\/p>\n","protected":false},"excerpt":{"rendered":"<p>Esta ma\u00f1ana, el Jefe del Estado Mayor Conjunto, Vicealmirante Rodrigo \u00c1lvarez Aguirre, recibi\u00f3 a los Comandantes de Batall\u00f3n y Unidades de Desminado Humanitario, junto al Secretario Ejecutivo de la Comisi\u00f3n Nacional de Desminado (SECNAD), Coronel Andr\u00e9s C\u00e1ceres Cuadra. El JEMCO se habl\u00f3 con los presentes agradeci\u00e9ndoles su trabajo en el desminado de nuestras fronteras, \u201cUstedes&#8230;<\/p>\n","protected":false},"author":5,"featured_media":5823,"comment_status":"closed","ping_status":"closed","sticky":false,"template":"","format":"standard","meta":{"_kad_post_transparent":"","_kad_post_title":"","_kad_post_layout":"","_kad_post_sidebar_id":"","_kad_post_content_style":"","_kad_post_vertical_padding":"","_kad_post_feature":"","_kad_post_feature_position":"","_kad_post_header":false,"_kad_post_footer":false,"footnotes":""},"categories":[15,3],"tags":[],"class_list":["post-4515","post","type-post","status-publish","format-standard","has-post-thumbnail","hentry","category-15","category-noticias"],"_links":{"self":[{"href":"https:\/\/www.emco.mil.cl\/index.php\/wp-json\/wp\/v2\/posts\/4515","targetHints":{"allow":["GET"]}}],"collection":[{"href":"https:\/\/www.emco.mil.cl\/index.php\/wp-json\/wp\/v2\/posts"}],"about":[{"href":"https:\/\/www.emco.mil.cl\/index.php\/wp-json\/wp\/v2\/types\/post"}],"author":[{"embeddable":true,"href":"https:\/\/www.emco.mil.cl\/index.php\/wp-json\/wp\/v2\/users\/5"}],"replies":[{"embeddable":true,"href":"https:\/\/www.emco.mil.cl\/index.php\/wp-json\/wp\/v2\/comments?post=4515"}],"version-history":[{"count":1,"href":"https:\/\/www.emco.mil.cl\/index.php\/wp-json\/wp\/v2\/posts\/4515\/revisions"}],"predecessor-version":[{"id":5976,"href":"https:\/\/www.emco.mil.cl\/index.php\/wp-json\/wp\/v2\/posts\/4515\/revisions\/5976"}],"wp:featuredmedia":[{"embeddable":true,"href":"https:\/\/www.emco.mil.cl\/index.php\/wp-json\/wp\/v2\/media\/5823"}],"wp:attachment":[{"href":"https:\/\/www.emco.mil.cl\/index.php\/wp-json\/wp\/v2\/media?parent=4515"}],"wp:term":[{"taxonomy":"category","embeddable":true,"href":"https:\/\/www.emco.mil.cl\/index.php\/wp-json\/wp\/v2\/categories?post=4515"},{"taxonomy":"post_tag","embeddable":true,"href":"https:\/\/www.emco.mil.cl\/index.php\/wp-json\/wp\/v2\/tags?post=4515"}],"curies":[{"name":"wp","href":"https:\/\/api.w.org\/{rel}","templated":true}]}}