{"id":4510,"date":"2019-03-19T17:30:02","date_gmt":"2019-03-19T17:30:02","guid":{"rendered":"http:\/\/www.emco.mil.cl\/?p=4510"},"modified":"2021-09-28T12:31:46","modified_gmt":"2021-09-28T15:31:46","slug":"saludo-del-jefe-del-estado-mayor-conjunto-al-comandante-en-jefe-de-la-fuerza-aerea","status":"publish","type":"post","link":"https:\/\/www.emco.mil.cl\/index.php\/2019\/03\/19\/saludo-del-jefe-del-estado-mayor-conjunto-al-comandante-en-jefe-de-la-fuerza-aerea\/","title":{"rendered":"Saludo del Jefe del Estado Mayor Conjunto al Comandante en Jefe de la Fuerza A\u00e9rea"},"content":{"rendered":"<p><u><\/u><span style=\"font-size: 10pt; color: #000000;\">Este martes 19 de marzo, el Jefe del Estado Mayor Conjunto, Vicealmirante Rodrigo \u00c1lvarez Aguirre, realiz\u00f3 saludos protocolares al Comandante en Jefe de la Fuerza A\u00e9rea, General del Aire Arturo Merino N\u00fa\u00f1ez, en el marco de la celebraci\u00f3n del 89\u00ba aniversario de la creaci\u00f3n de la FACh y del \u201cMes del Aire\u201d.<\/span><\/p>\n<p><a href=\"https:\/\/www.emco.mil.cl\/wp-content\/uploads\/1-1.png\"><img fetchpriority=\"high\" decoding=\"async\" class=\"aligncenter size-full wp-image-4511\" src=\"https:\/\/www.emco.mil.cl\/wp-content\/uploads\/1-1.png\" alt=\"1\" width=\"620\" height=\"447\"><\/a><\/p>\n<p><span style=\"font-size: 10pt; color: #000000;\">En el edificio de la Comandancia en Jefe de la Fuerza A\u00e9rea de Chile, ubicado en Cerrillos, el Vicealmirante \u00c1lvarez agradeci\u00f3 al General Merino por el constante apoyo entregado por la Fuerza A\u00e9rea a la labor conjunta que realiza el EMCO en el \u00e1mbito de la Defensa.&nbsp;&nbsp;<\/span><\/p>\n<p><a href=\"https:\/\/www.emco.mil.cl\/wp-content\/uploads\/2-65.jpg\"><img decoding=\"async\" class=\"aligncenter size-full wp-image-4512\" src=\"https:\/\/www.emco.mil.cl\/wp-content\/uploads\/2-65.jpg\" alt=\"2\" width=\"620\" height=\"413\"><\/a><\/p>\n","protected":false},"excerpt":{"rendered":"<p>Este martes 19 de marzo, el Jefe del Estado Mayor Conjunto, Vicealmirante Rodrigo \u00c1lvarez Aguirre, realiz\u00f3 saludos protocolares al Comandante en Jefe de la Fuerza A\u00e9rea, General del Aire Arturo Merino N\u00fa\u00f1ez, en el marco de la celebraci\u00f3n del 89\u00ba aniversario de la creaci\u00f3n de la FACh y del \u201cMes del Aire\u201d. En el edificio&#8230;<\/p>\n","protected":false},"author":5,"featured_media":5823,"comment_status":"closed","ping_status":"closed","sticky":false,"template":"","format":"standard","meta":{"_kad_post_transparent":"","_kad_post_title":"","_kad_post_layout":"","_kad_post_sidebar_id":"","_kad_post_content_style":"","_kad_post_vertical_padding":"","_kad_post_feature":"","_kad_post_feature_position":"","_kad_post_header":false,"_kad_post_footer":false,"footnotes":""},"categories":[15,3],"tags":[],"class_list":["post-4510","post","type-post","status-publish","format-standard","has-post-thumbnail","hentry","category-15","category-noticias"],"_links":{"self":[{"href":"https:\/\/www.emco.mil.cl\/index.php\/wp-json\/wp\/v2\/posts\/4510","targetHints":{"allow":["GET"]}}],"collection":[{"href":"https:\/\/www.emco.mil.cl\/index.php\/wp-json\/wp\/v2\/posts"}],"about":[{"href":"https:\/\/www.emco.mil.cl\/index.php\/wp-json\/wp\/v2\/types\/post"}],"author":[{"embeddable":true,"href":"https:\/\/www.emco.mil.cl\/index.php\/wp-json\/wp\/v2\/users\/5"}],"replies":[{"embeddable":true,"href":"https:\/\/www.emco.mil.cl\/index.php\/wp-json\/wp\/v2\/comments?post=4510"}],"version-history":[{"count":1,"href":"https:\/\/www.emco.mil.cl\/index.php\/wp-json\/wp\/v2\/posts\/4510\/revisions"}],"predecessor-version":[{"id":5978,"href":"https:\/\/www.emco.mil.cl\/index.php\/wp-json\/wp\/v2\/posts\/4510\/revisions\/5978"}],"wp:featuredmedia":[{"embeddable":true,"href":"https:\/\/www.emco.mil.cl\/index.php\/wp-json\/wp\/v2\/media\/5823"}],"wp:attachment":[{"href":"https:\/\/www.emco.mil.cl\/index.php\/wp-json\/wp\/v2\/media?parent=4510"}],"wp:term":[{"taxonomy":"category","embeddable":true,"href":"https:\/\/www.emco.mil.cl\/index.php\/wp-json\/wp\/v2\/categories?post=4510"},{"taxonomy":"post_tag","embeddable":true,"href":"https:\/\/www.emco.mil.cl\/index.php\/wp-json\/wp\/v2\/tags?post=4510"}],"curies":[{"name":"wp","href":"https:\/\/api.w.org\/{rel}","templated":true}]}}