{"id":4499,"date":"2019-03-19T17:42:20","date_gmt":"2019-03-19T17:42:20","guid":{"rendered":"http:\/\/www.emco.mil.cl\/?p=4499"},"modified":"2021-09-28T12:31:04","modified_gmt":"2021-09-28T15:31:04","slug":"ceremonia-de-inicio-del-ano-academico-de-las-fuerzas-armadas-2019","status":"publish","type":"post","link":"https:\/\/www.emco.mil.cl\/index.php\/2019\/03\/19\/ceremonia-de-inicio-del-ano-academico-de-las-fuerzas-armadas-2019\/","title":{"rendered":"Ceremonia de Inicio del A\u00f1o Acad\u00e9mico de las Fuerzas Armadas 2019"},"content":{"rendered":"<p><span style=\"font-size: 10pt; color: #000000;\">Esta ma\u00f1ana se dio inicio al a\u00f1o acad\u00e9mico de las Fuerzas Armadas 2019, en una ceremonia presidida por el Ministro de Defensa, Alberto Espina Otero, en el Aula Magna de la Escuela Militar. A la actividad asisti\u00f3 el Jefe del Estado Mayor Conjunto, Vicealmirante Rodrigo \u00c1lvarez Aguirre, los Comandantes en Jefe de la Armada y Fuerza A\u00e9rea, el Director General de la Polic\u00eda de Investigaciones, los Subsecretarios de Defensa y para las FF.AA., representantes del orden y seguridad nacional, autoridades ministeriales e invitados especiales, entre otros.<\/span><\/p>\n<p><a href=\"https:\/\/www.emco.mil.cl\/wp-content\/uploads\/2-64.jpg\"><img fetchpriority=\"high\" decoding=\"async\" class=\"aligncenter size-full wp-image-4501\" src=\"https:\/\/www.emco.mil.cl\/wp-content\/uploads\/2-64.jpg\" alt=\"2\" width=\"620\" height=\"413\"><\/a><\/p>\n<p><span style=\"font-size: 10pt; color: #000000;\">El Ministro de Defensa comenz\u00f3 su discurso agradeciendo el trabajo de los miembros de las Fuerzas Armadas que ayudaron con los incendios del centro y sur de Chile y atendieron las emergencias del invierno altipl\u00e1nico en el norte de nuestro pa\u00eds, \u201c<strong><em>he querido destacar el trabajo que las Fuerzas Armadas realizaron en los \u00faltimos meses, porque habla de fuerzas que, efectivamente, son polivalentes, y que lo son, no s\u00f3lo porque los medios que disponen lo sean, sino que porque sus doctrinas y procedimientos les permiten estar organizadas para atender m\u00faltiples \u00e1reas de misi\u00f3n, y por sobre todo, porque sus integrantes est\u00e1n convencidos y entienden que su labor es polivalente y que deben estar entrenados y preparados para atender amenazas diversas, como son las que vienen de la mano del cambio clim\u00e1tico<\/em><\/strong>\u201d.<\/span><\/p>\n<p><a href=\"https:\/\/www.emco.mil.cl\/wp-content\/uploads\/3-39.jpg\"><img decoding=\"async\" class=\"aligncenter size-full wp-image-4502\" src=\"https:\/\/www.emco.mil.cl\/wp-content\/uploads\/3-39.jpg\" alt=\"3\" width=\"620\" height=\"413\"><\/a><\/p>\n<p><span style=\"font-size: 10pt; color: #000000;\">Tambi\u00e9n habl\u00f3 del concepto de la defensa moderna, impulsada por el gobierno del Presidente Pi\u00f1era, que apunta a cumplir sus diferentes misiones y que se materializan a trav\u00e9s de las acciones de las Fuerzas Armadas. <strong><em>\u201c<\/em><\/strong><strong><em>Modernizar la Defensa, es esencial para tener una efectiva capacidad disuasiva, y esta capacidad disuasiva, es la que nos permite resguardar la seguridad externa y garantizar la paz que se requiere para alcanzar un desarrollo humano integral, inclusivo y solidario que llegue a todos quienes viven nuestro pa\u00eds\u201d.<\/em><\/strong><\/span><\/p>\n<p><span style=\"font-size: 10pt; color: #000000;\">El titular de Defensa nombr\u00f3 las metas concretas que su sector se ha planteado, destacando la aprobaci\u00f3n e implementaci\u00f3n de un nuevo sistema de financiamiento de las capacidades estrat\u00e9gicas de la Defensa; una modernizaci\u00f3n al Sistema de Inteligencia del Estado; implementaci\u00f3n de las medidas de la Agenda de Probidad, Austeridad y Transparencia en las FF.AA.; la consolidaci\u00f3n de un sistema de Ciberdefensa conjunto y eficaz; un sistema de Mando y Control conjunto, sumado a entrenamiento y actualizaci\u00f3n de doctrinas que mejoren la capacidad de conducci\u00f3n, entre otros.<\/span><\/p>\n<p><span style=\"font-size: 10pt; color: #000000;\"><strong><em>\u00abDebemos actualizar nuestra Pol\u00edtica de Defensa para explicitar, no solo los principios y objetivos de nuestro pa\u00eds en el \u00e1mbito de la seguridad exterior, sino que tambi\u00e9n el avance hacia mayores definiciones respecto al rol de las FF.AA. en sus \u00e1reas de misi\u00f3n; \u00e1reas que son relevantes tanto para la seguridad como para el desarrollo de nuestros compatriotas\u201d, <\/em><\/strong>expuso el Ministro Espina.<\/span><\/p>\n<p><span style=\"font-size: 10pt; color: #000000;\">La ceremonia culmin\u00f3 con el Ministro dirigi\u00e9ndose a los alumnos de las escuelas y academias, dici\u00e9ndoles <strong><em>\u201custedes tienen la oportunidad y el apasionante desaf\u00edo de formarse y generar las ideas y conocimiento para, desde bases argumentales \u00e9ticas y profesionales s\u00f3lidas, aportar posteriormente a la conducci\u00f3n en los diferentes niveles y \u00e1mbitos de acci\u00f3n de la Defensa, entre ellos; el desarrollo operacional, la t\u00e1ctica, la log\u00edstica, la administraci\u00f3n de recursos y otros aspectos de relevancia para la Pol\u00edtica de defensa y la conducci\u00f3n de sus instituciones<\/em><\/strong>\u201d. &nbsp;<\/span><\/p>\n<p><a href=\"https:\/\/www.emco.mil.cl\/wp-content\/uploads\/1-64.jpg\"><img decoding=\"async\" class=\"aligncenter size-full wp-image-4500\" src=\"https:\/\/www.emco.mil.cl\/wp-content\/uploads\/1-64.jpg\" alt=\"1\" width=\"620\" height=\"413\"><\/a><\/p>\n","protected":false},"excerpt":{"rendered":"<p>Esta ma\u00f1ana se dio inicio al a\u00f1o acad\u00e9mico de las Fuerzas Armadas 2019, en una ceremonia presidida por el Ministro de Defensa, Alberto Espina Otero, en el Aula Magna de la Escuela Militar. A la actividad asisti\u00f3 el Jefe del Estado Mayor Conjunto, Vicealmirante Rodrigo \u00c1lvarez Aguirre, los Comandantes en Jefe de la Armada y&#8230;<\/p>\n","protected":false},"author":5,"featured_media":5823,"comment_status":"closed","ping_status":"closed","sticky":false,"template":"","format":"standard","meta":{"_kad_post_transparent":"","_kad_post_title":"","_kad_post_layout":"","_kad_post_sidebar_id":"","_kad_post_content_style":"","_kad_post_vertical_padding":"","_kad_post_feature":"","_kad_post_feature_position":"","_kad_post_header":false,"_kad_post_footer":false,"footnotes":""},"categories":[15,3],"tags":[],"class_list":["post-4499","post","type-post","status-publish","format-standard","has-post-thumbnail","hentry","category-15","category-noticias"],"_links":{"self":[{"href":"https:\/\/www.emco.mil.cl\/index.php\/wp-json\/wp\/v2\/posts\/4499","targetHints":{"allow":["GET"]}}],"collection":[{"href":"https:\/\/www.emco.mil.cl\/index.php\/wp-json\/wp\/v2\/posts"}],"about":[{"href":"https:\/\/www.emco.mil.cl\/index.php\/wp-json\/wp\/v2\/types\/post"}],"author":[{"embeddable":true,"href":"https:\/\/www.emco.mil.cl\/index.php\/wp-json\/wp\/v2\/users\/5"}],"replies":[{"embeddable":true,"href":"https:\/\/www.emco.mil.cl\/index.php\/wp-json\/wp\/v2\/comments?post=4499"}],"version-history":[{"count":1,"href":"https:\/\/www.emco.mil.cl\/index.php\/wp-json\/wp\/v2\/posts\/4499\/revisions"}],"predecessor-version":[{"id":5977,"href":"https:\/\/www.emco.mil.cl\/index.php\/wp-json\/wp\/v2\/posts\/4499\/revisions\/5977"}],"wp:featuredmedia":[{"embeddable":true,"href":"https:\/\/www.emco.mil.cl\/index.php\/wp-json\/wp\/v2\/media\/5823"}],"wp:attachment":[{"href":"https:\/\/www.emco.mil.cl\/index.php\/wp-json\/wp\/v2\/media?parent=4499"}],"wp:term":[{"taxonomy":"category","embeddable":true,"href":"https:\/\/www.emco.mil.cl\/index.php\/wp-json\/wp\/v2\/categories?post=4499"},{"taxonomy":"post_tag","embeddable":true,"href":"https:\/\/www.emco.mil.cl\/index.php\/wp-json\/wp\/v2\/tags?post=4499"}],"curies":[{"name":"wp","href":"https:\/\/api.w.org\/{rel}","templated":true}]}}