{"id":4487,"date":"2019-03-15T19:13:01","date_gmt":"2019-03-15T19:13:01","guid":{"rendered":"http:\/\/www.emco.mil.cl\/?p=4487"},"modified":"2021-09-28T12:32:48","modified_gmt":"2021-09-28T15:32:48","slug":"seminario-seguridad-y-defensa-de-la-union-europea","status":"publish","type":"post","link":"https:\/\/www.emco.mil.cl\/index.php\/2019\/03\/15\/seminario-seguridad-y-defensa-de-la-union-europea\/","title":{"rendered":"Seminario \u201cSeguridad y Defensa de la Uni\u00f3n Europea\u201d"},"content":{"rendered":"<p><span style=\"font-size: 10pt; color: #000000;\">Los d\u00edas 14 y 15 de marzo, en el Centro Conjunto de Operaciones de Paz de Chile (CECOPAC), se llev\u00f3 a cabo el seminario \u201cSeguridad y Defensa de la Uni\u00f3n Europea\u201d, actividad que cont\u00f3 con la presencia de la Jefa de la Secci\u00f3n Pol\u00edtica, Prensa e Informaci\u00f3n de la Uni\u00f3n Europea en Chile, Ruth Bajada; Representantes de las Embajadas de Austria, Polonia, Croacia, Grecia, Hungr\u00eda, B\u00e9lgica y Hait\u00ed; Agregados Militares de Alemania, Colombia, Ecuador, Francia, Honduras, Panam\u00e1, Espa\u00f1a y Rep\u00fablica Dominicana; Docentes de la Universidad de Chile y Universidad Cat\u00f3lica; representantes de las FF.AA. e invitados especiales.<\/span><\/p>\n<p><a href=\"https:\/\/www.emco.mil.cl\/wp-content\/uploads\/1-62.jpg\"><img fetchpriority=\"high\" decoding=\"async\" class=\"aligncenter size-full wp-image-4488\" src=\"https:\/\/www.emco.mil.cl\/wp-content\/uploads\/1-62.jpg\" alt=\"1\" width=\"620\" height=\"413\"><\/a><\/p>\n<p><span style=\"font-size: 10pt; color: #000000;\">El seminario comenz\u00f3 con la presentaci\u00f3n de Giorgio Porzio, Consejero Pol\u00edtico Principal del Comandante de Operaciones Civiles de la Uni\u00f3n Europea, quien habl\u00f3 sobre el tema \u201cSeguridad y Defensa de la Uni\u00f3n Europea: un enfoque integral ante los desaf\u00edos globales\u201d, en donde describi\u00f3 el estado actual en el manejo de las crisis en la gesti\u00f3n de la Seguridad y Defensa en Europa y tambi\u00e9n, se refiri\u00f3 a las pol\u00edticas en esos \u00e1mbitos y sus repercusiones.<\/span><\/p>\n<p><a href=\"https:\/\/www.emco.mil.cl\/wp-content\/uploads\/3-38.jpg\"><img decoding=\"async\" class=\"aligncenter size-full wp-image-4490\" src=\"https:\/\/www.emco.mil.cl\/wp-content\/uploads\/3-38.jpg\" alt=\"3\" width=\"620\" height=\"413\"><\/a><\/p>\n<p><span style=\"font-size: 10pt; color: #000000;\">El curso culmin\u00f3 con la charla realizada por la embajadora de la Uni\u00f3n Europea en Chile, Stella Zervoudaki, cuyo t\u00f3pico fue \u201cEl futuro de la Uni\u00f3n Europea\u201d, donde habl\u00f3 sobre las Operaciones de Paz donde participa la Uni\u00f3n Europea y trat\u00f3 temas de contingencia como el Brexit, el asunto de g\u00e9nero en forma global y lo que est\u00e1 pasando en Venezuela y otros lados del mundo.<\/span><\/p>\n","protected":false},"excerpt":{"rendered":"<p>Los d\u00edas 14 y 15 de marzo, en el Centro Conjunto de Operaciones de Paz de Chile (CECOPAC), se llev\u00f3 a cabo el seminario \u201cSeguridad y Defensa de la Uni\u00f3n Europea\u201d, actividad que cont\u00f3 con la presencia de la Jefa de la Secci\u00f3n Pol\u00edtica, Prensa e Informaci\u00f3n de la Uni\u00f3n Europea en Chile, Ruth Bajada;&#8230;<\/p>\n","protected":false},"author":5,"featured_media":5823,"comment_status":"closed","ping_status":"closed","sticky":false,"template":"","format":"standard","meta":{"_kad_post_transparent":"","_kad_post_title":"","_kad_post_layout":"","_kad_post_sidebar_id":"","_kad_post_content_style":"","_kad_post_vertical_padding":"","_kad_post_feature":"","_kad_post_feature_position":"","_kad_post_header":false,"_kad_post_footer":false,"footnotes":""},"categories":[15,3],"tags":[],"class_list":["post-4487","post","type-post","status-publish","format-standard","has-post-thumbnail","hentry","category-15","category-noticias"],"_links":{"self":[{"href":"https:\/\/www.emco.mil.cl\/index.php\/wp-json\/wp\/v2\/posts\/4487","targetHints":{"allow":["GET"]}}],"collection":[{"href":"https:\/\/www.emco.mil.cl\/index.php\/wp-json\/wp\/v2\/posts"}],"about":[{"href":"https:\/\/www.emco.mil.cl\/index.php\/wp-json\/wp\/v2\/types\/post"}],"author":[{"embeddable":true,"href":"https:\/\/www.emco.mil.cl\/index.php\/wp-json\/wp\/v2\/users\/5"}],"replies":[{"embeddable":true,"href":"https:\/\/www.emco.mil.cl\/index.php\/wp-json\/wp\/v2\/comments?post=4487"}],"version-history":[{"count":1,"href":"https:\/\/www.emco.mil.cl\/index.php\/wp-json\/wp\/v2\/posts\/4487\/revisions"}],"predecessor-version":[{"id":5980,"href":"https:\/\/www.emco.mil.cl\/index.php\/wp-json\/wp\/v2\/posts\/4487\/revisions\/5980"}],"wp:featuredmedia":[{"embeddable":true,"href":"https:\/\/www.emco.mil.cl\/index.php\/wp-json\/wp\/v2\/media\/5823"}],"wp:attachment":[{"href":"https:\/\/www.emco.mil.cl\/index.php\/wp-json\/wp\/v2\/media?parent=4487"}],"wp:term":[{"taxonomy":"category","embeddable":true,"href":"https:\/\/www.emco.mil.cl\/index.php\/wp-json\/wp\/v2\/categories?post=4487"},{"taxonomy":"post_tag","embeddable":true,"href":"https:\/\/www.emco.mil.cl\/index.php\/wp-json\/wp\/v2\/tags?post=4487"}],"curies":[{"name":"wp","href":"https:\/\/api.w.org\/{rel}","templated":true}]}}