{"id":4464,"date":"2019-03-05T19:57:33","date_gmt":"2019-03-05T19:57:33","guid":{"rendered":"http:\/\/www.emco.mil.cl\/?p=4464"},"modified":"2021-09-28T12:35:02","modified_gmt":"2021-09-28T15:35:02","slug":"repliegue-del-contingente-militar-chileno-en-chipre","status":"publish","type":"post","link":"https:\/\/www.emco.mil.cl\/index.php\/2019\/03\/05\/repliegue-del-contingente-militar-chileno-en-chipre\/","title":{"rendered":"Repliegue del contingente militar chileno en Chipre"},"content":{"rendered":"<p><span style=\"font-size: 10pt; color: #000000;\">En dependencias de la Direcci\u00f3n de Operaciones y Conducci\u00f3n Conjunta (DOPCON) del Estado Mayor Conjunto, el Contraalmirante Pablo Niemann Figari, recibi\u00f3 al contingente chileno que durante 6 meses se desempe\u00f1aron como observadores militares en la Fuerza de las Naciones Unidas para el Mantenimiento de la Paz en Chipre (UNFICYP).<\/span><\/p>\n<p><span style=\"font-size: 10pt; color: #000000;\"><a style=\"color: #000000;\" href=\"https:\/\/www.emco.mil.cl\/wp-content\/uploads\/12-3.jpg\"><img fetchpriority=\"high\" decoding=\"async\" class=\"aligncenter size-full wp-image-4465\" src=\"https:\/\/www.emco.mil.cl\/wp-content\/uploads\/12-3.jpg\" alt=\"12\" width=\"620\" height=\"413\"><\/a><\/span><\/p>\n<p><span style=\"font-size: 10pt; color: #000000;\"><a style=\"color: #000000;\" href=\"https:\/\/www.emco.mil.cl\/wp-content\/uploads\/23-1.jpg\"><img decoding=\"async\" class=\"aligncenter size-full wp-image-4466\" src=\"https:\/\/www.emco.mil.cl\/wp-content\/uploads\/23-1.jpg\" alt=\"23\" width=\"620\" height=\"413\"><\/a><\/span><\/p>\n<p><span style=\"font-size: 10pt; color: #000000;\">Durante la actividad se llev\u00f3 a cabo una reuni\u00f3n, donde se present\u00f3 la situaci\u00f3n en la que el contingente chileno se desempe\u00f1\u00f3, adem\u00e1s de experiencias y cifras de la misi\u00f3n.<\/span><\/p>\n<p><span style=\"font-size: 10pt; color: #000000;\"><a style=\"color: #000000;\" href=\"https:\/\/www.emco.mil.cl\/wp-content\/uploads\/34.jpg\"><img decoding=\"async\" class=\"aligncenter size-full wp-image-4467\" src=\"https:\/\/www.emco.mil.cl\/wp-content\/uploads\/34.jpg\" alt=\"34\" width=\"620\" height=\"413\"><\/a><\/span><\/p>\n<p><span style=\"font-size: 10pt; color: #000000;\"><strong><em>\u201cFue una muy buena experiencia, ya que nos permite trabajar con personal de otro pa\u00eds, de otra cultura, que tienen distintos m\u00e9todos de trabajo. Para m\u00ed, participar de esta misi\u00f3n fue una experiencia muy positiva, ya que el desempe\u00f1o de Chile en esta misi\u00f3n fue considerado muy bueno\u201d,<\/em><\/strong> dijo el Teniente de Ej\u00e9rcito Jos\u00e9 Rojas Cotroneo.<\/span><\/p>\n<p><span style=\"font-size: 10pt; color: #000000;\"><strong><em>\u201cAl operar en este tipo de misi\u00f3n, aparte de representar a la Instituci\u00f3n y al pa\u00eds, sobre todo, ayuda a crear lazos m\u00e1s fuertes entre personal argentino y chileno, que a futuro se ver\u00e1n beneficiados, al mejor las relaciones militares entre ambos pa\u00edses<\/em><\/strong>\u201d, coment\u00f3 el Subteniente IM Jaime Pino.<\/span><\/p>\n<p><span style=\"font-size: 10pt; color: #000000;\">UNFICYP se mantiene activa desde 1964 y Chile comenz\u00f3 a colaborar a partir del a\u00f1o 1999. En la actualidad, nuestro pa\u00eds participa con un contingente de 12 uniformados, 6 representantes del Ej\u00e9rcito y 6 de la Armada. Desde el a\u00f1o 2003, producto de los acuerdos de confianza entre Chile y Argentina, se dispuso el despliegue de una Fuerza Militar Conjunta, el cual se releva cada seis meses.<\/span><\/p>\n","protected":false},"excerpt":{"rendered":"<p>En dependencias de la Direcci\u00f3n de Operaciones y Conducci\u00f3n Conjunta (DOPCON) del Estado Mayor Conjunto, el Contraalmirante Pablo Niemann Figari, recibi\u00f3 al contingente chileno que durante 6 meses se desempe\u00f1aron como observadores militares en la Fuerza de las Naciones Unidas para el Mantenimiento de la Paz en Chipre (UNFICYP). Durante la actividad se llev\u00f3 a&#8230;<\/p>\n","protected":false},"author":5,"featured_media":5823,"comment_status":"closed","ping_status":"closed","sticky":false,"template":"","format":"standard","meta":{"_kad_post_transparent":"","_kad_post_title":"","_kad_post_layout":"","_kad_post_sidebar_id":"","_kad_post_content_style":"","_kad_post_vertical_padding":"","_kad_post_feature":"","_kad_post_feature_position":"","_kad_post_header":false,"_kad_post_footer":false,"footnotes":""},"categories":[15,3],"tags":[],"class_list":["post-4464","post","type-post","status-publish","format-standard","has-post-thumbnail","hentry","category-15","category-noticias"],"_links":{"self":[{"href":"https:\/\/www.emco.mil.cl\/index.php\/wp-json\/wp\/v2\/posts\/4464","targetHints":{"allow":["GET"]}}],"collection":[{"href":"https:\/\/www.emco.mil.cl\/index.php\/wp-json\/wp\/v2\/posts"}],"about":[{"href":"https:\/\/www.emco.mil.cl\/index.php\/wp-json\/wp\/v2\/types\/post"}],"author":[{"embeddable":true,"href":"https:\/\/www.emco.mil.cl\/index.php\/wp-json\/wp\/v2\/users\/5"}],"replies":[{"embeddable":true,"href":"https:\/\/www.emco.mil.cl\/index.php\/wp-json\/wp\/v2\/comments?post=4464"}],"version-history":[{"count":1,"href":"https:\/\/www.emco.mil.cl\/index.php\/wp-json\/wp\/v2\/posts\/4464\/revisions"}],"predecessor-version":[{"id":5983,"href":"https:\/\/www.emco.mil.cl\/index.php\/wp-json\/wp\/v2\/posts\/4464\/revisions\/5983"}],"wp:featuredmedia":[{"embeddable":true,"href":"https:\/\/www.emco.mil.cl\/index.php\/wp-json\/wp\/v2\/media\/5823"}],"wp:attachment":[{"href":"https:\/\/www.emco.mil.cl\/index.php\/wp-json\/wp\/v2\/media?parent=4464"}],"wp:term":[{"taxonomy":"category","embeddable":true,"href":"https:\/\/www.emco.mil.cl\/index.php\/wp-json\/wp\/v2\/categories?post=4464"},{"taxonomy":"post_tag","embeddable":true,"href":"https:\/\/www.emco.mil.cl\/index.php\/wp-json\/wp\/v2\/tags?post=4464"}],"curies":[{"name":"wp","href":"https:\/\/api.w.org\/{rel}","templated":true}]}}