{"id":4438,"date":"2019-02-18T18:12:50","date_gmt":"2019-02-18T18:12:50","guid":{"rendered":"http:\/\/www.emco.mil.cl\/?p=4438"},"modified":"2021-09-28T12:36:00","modified_gmt":"2021-09-28T15:36:00","slug":"cambio-de-jefatura-cruz-del-sur-2018","status":"publish","type":"post","link":"https:\/\/www.emco.mil.cl\/index.php\/2019\/02\/18\/cambio-de-jefatura-cruz-del-sur-2018\/","title":{"rendered":"Cambio de Jefatura Cruz del Sur 2019"},"content":{"rendered":"<p><span style=\"font-size: 10pt; color: #000000;\">En dependencias del Centro Argentino de Entrenamiento Conjunto para Operaciones de Paz (CAECOPAZ), en Campo de Mayo, Buenos Aires, Argentina, se llev\u00f3 a cabo la ceremonia de cambio de sede de la Fuerza de Paz Combinada \u00abCruz del Sur\u00bb, actividad que fue presidida por el Jefe del Comando Operacional de las FF.AA. de Argentina, el General de Divisi\u00f3n Carlos P\u00e9rez Aquino.<\/span><\/p>\n<p><span style=\"font-size: 10pt; color: #000000;\">En esta ceremonia asumi\u00f3 como Jefe del Estado Mayor Conjunto Combinado \u00abCruz del Sur\u00bb el Coronel del Ej\u00e9rcito Argentino, Gast\u00f3n Marmonti y como Subjefe, el Capit\u00e1n de Nav\u00edo Rodrigo Graff, de la Armada de Chile.<\/span><\/p>\n<p><span style=\"font-size: 10pt; color: #000000;\"><a style=\"color: #000000;\" href=\"https:\/\/www.emco.mil.cl\/wp-content\/uploads\/1-60.jpg\"><img fetchpriority=\"high\" decoding=\"async\" class=\"aligncenter size-full wp-image-4439\" src=\"https:\/\/www.emco.mil.cl\/wp-content\/uploads\/1-60.jpg\" alt=\"1\" width=\"620\" height=\"413\"><\/a><\/span><\/p>\n<p><span style=\"font-size: 10pt; color: #000000;\">La FPC \u201cCruz del Sur\u201d se encuentra bajo la conducci\u00f3n de la Autoridad Militar Binacional, que cuenta con un Estado Mayor Conjunto y Combinado, el cual, rota anualmente su sede entre ambos pa\u00edses, siendo este a\u00f1o en Argentina.&nbsp;<\/span><\/p>\n<p><span style=\"font-size: 10pt; color: #000000;\">\u201cCruz del Sur\u201d est\u00e1 dise\u00f1ada para operar bajo el Sistema de Fuerzas de Reserva de las Naciones Unidas, iniciativa que implica disponer de un conjunto de elementos militares a disposici\u00f3n de la ONU para su despliegue a partir de una resoluci\u00f3n del Consejo de Seguridad, que autorice una determinada misi\u00f3n de mantenimiento de la paz.<\/span><\/p>\n<p><span style=\"font-size: 10pt; color: #000000;\"><a style=\"color: #000000;\" href=\"https:\/\/www.emco.mil.cl\/wp-content\/uploads\/2-60.jpg\"><img decoding=\"async\" class=\"aligncenter size-full wp-image-4440\" src=\"https:\/\/www.emco.mil.cl\/wp-content\/uploads\/2-60.jpg\" alt=\"2\" width=\"620\" height=\"413\"><\/a><\/span><\/p>\n","protected":false},"excerpt":{"rendered":"<p>En dependencias del Centro Argentino de Entrenamiento Conjunto para Operaciones de Paz (CAECOPAZ), en Campo de Mayo, Buenos Aires, Argentina, se llev\u00f3 a cabo la ceremonia de cambio de sede de la Fuerza de Paz Combinada \u00abCruz del Sur\u00bb, actividad que fue presidida por el Jefe del Comando Operacional de las FF.AA. de Argentina, el&#8230;<\/p>\n","protected":false},"author":5,"featured_media":5823,"comment_status":"closed","ping_status":"closed","sticky":false,"template":"","format":"standard","meta":{"_kad_post_transparent":"","_kad_post_title":"","_kad_post_layout":"","_kad_post_sidebar_id":"","_kad_post_content_style":"","_kad_post_vertical_padding":"","_kad_post_feature":"","_kad_post_feature_position":"","_kad_post_header":false,"_kad_post_footer":false,"footnotes":""},"categories":[15,3],"tags":[],"class_list":["post-4438","post","type-post","status-publish","format-standard","has-post-thumbnail","hentry","category-15","category-noticias"],"_links":{"self":[{"href":"https:\/\/www.emco.mil.cl\/index.php\/wp-json\/wp\/v2\/posts\/4438","targetHints":{"allow":["GET"]}}],"collection":[{"href":"https:\/\/www.emco.mil.cl\/index.php\/wp-json\/wp\/v2\/posts"}],"about":[{"href":"https:\/\/www.emco.mil.cl\/index.php\/wp-json\/wp\/v2\/types\/post"}],"author":[{"embeddable":true,"href":"https:\/\/www.emco.mil.cl\/index.php\/wp-json\/wp\/v2\/users\/5"}],"replies":[{"embeddable":true,"href":"https:\/\/www.emco.mil.cl\/index.php\/wp-json\/wp\/v2\/comments?post=4438"}],"version-history":[{"count":1,"href":"https:\/\/www.emco.mil.cl\/index.php\/wp-json\/wp\/v2\/posts\/4438\/revisions"}],"predecessor-version":[{"id":5985,"href":"https:\/\/www.emco.mil.cl\/index.php\/wp-json\/wp\/v2\/posts\/4438\/revisions\/5985"}],"wp:featuredmedia":[{"embeddable":true,"href":"https:\/\/www.emco.mil.cl\/index.php\/wp-json\/wp\/v2\/media\/5823"}],"wp:attachment":[{"href":"https:\/\/www.emco.mil.cl\/index.php\/wp-json\/wp\/v2\/media?parent=4438"}],"wp:term":[{"taxonomy":"category","embeddable":true,"href":"https:\/\/www.emco.mil.cl\/index.php\/wp-json\/wp\/v2\/categories?post=4438"},{"taxonomy":"post_tag","embeddable":true,"href":"https:\/\/www.emco.mil.cl\/index.php\/wp-json\/wp\/v2\/tags?post=4438"}],"curies":[{"name":"wp","href":"https:\/\/api.w.org\/{rel}","templated":true}]}}