{"id":4426,"date":"2019-02-15T18:21:27","date_gmt":"2019-02-15T18:21:27","guid":{"rendered":"http:\/\/www.emco.mil.cl\/?p=4426"},"modified":"2021-09-28T12:36:39","modified_gmt":"2021-09-28T15:36:39","slug":"unficyp-33-chile-despliega-un-nuevo-contingente-militar-a-chipre","status":"publish","type":"post","link":"https:\/\/www.emco.mil.cl\/index.php\/2019\/02\/15\/unficyp-33-chile-despliega-un-nuevo-contingente-militar-a-chipre\/","title":{"rendered":"UNFICYP 33: Chile despliega un nuevo contingente militar a Chipre"},"content":{"rendered":"<p><span style=\"font-size: 10pt; color: #000000;\">En dependencias de la Direcci\u00f3n de Operaciones y Conducci\u00f3n Conjunta (DOPCON), el Jefe del Departamento II \u201cConducci\u00f3n de Operaciones de Paz\u201d, Capit\u00e1n de Nav\u00edo IM Favio Santib\u00e1\u00f1ez Ortiz, recibi\u00f3 y despidi\u00f3 en nombre del Estado Mayor Conjunto al personal uniformado de Ej\u00e9rcito y Armada de Chile, que se desplegar\u00e1n por seis meses a la Fuerza de las Naciones Unidas para el Mantenimiento de la Paz en Chipre (UNFICYP, en ingl\u00e9s).<\/span><\/p>\n<p><span style=\"font-size: 10pt; color: #000000;\">El contingente chileno, que se prepar\u00f3 en el Centro Conjunto para Operaciones de Paz de Chile (CECOPAC), viajar\u00e1 hasta Argentina, para realizar un entrenamiento combinado con militares trasandinos, para luego incorporarse a la Fuerza de Tarea Argentina (FTA), desplegada en la isla del Mediterr\u00e1neo Oriental, y as\u00ed desarrollar labores de observaci\u00f3n y patrullaje para evitar incidentes entre las comunidades griegas y turcas.<\/span><\/p>\n<p><span style=\"font-size: 10pt; color: #000000;\"><a style=\"color: #000000;\" href=\"https:\/\/www.emco.mil.cl\/wp-content\/uploads\/33-3.jpg\"><img fetchpriority=\"high\" decoding=\"async\" class=\"aligncenter size-full wp-image-4427\" src=\"https:\/\/www.emco.mil.cl\/wp-content\/uploads\/33-3.jpg\" alt=\"33\" width=\"620\" height=\"413\"><\/a><\/span><\/p>\n<p><span style=\"font-size: 10pt; color: #000000;\"><strong><em>\u201cQueremos conocer c\u00f3mo funciona una misi\u00f3n de paz en el extranjero, como opera las Naciones Unidas, en este caso en organizaci\u00f3n con Argentina y con el apoyo de Chile, representar a nuestra instituci\u00f3n y pa\u00eds, adem\u00e1s de cumplir y hacer bien nuestro trabajo<\/em><\/strong>\u201d, dijo el Teniente 2\u00b0 IM Sterzo Beros C\u00e1rcamo de la Armada de Chile.<\/span><\/p>\n<p><span style=\"font-size: 10pt; color: #000000;\"><strong><em>\u201cTenemos la expectativa de mantener el estatus del Ej\u00e9rcito y de Chile, como lo han hecho los contingentes anteriores. Estar en una misi\u00f3n de paz es uno de mis expectativas desde que sal\u00ed de la Escuela Militar y con la convicci\u00f3n de que cuando uno se esfuerza, puede lograr sus metas\u201d,<\/em><\/strong> coment\u00f3 el Teniente Jos\u00e9 Yuraszeck Tagle del Ej\u00e9rcito de Chile.<\/span><\/p>\n<p><span style=\"font-size: 10pt; color: #000000;\"><strong><em>\u201cMe siento muy motivado para cumplir esta misi\u00f3n, porque la postulaci\u00f3n fue dif\u00edcil, de mi grado va s\u00f3lo un Sargento 1\u00ba y fui yo quien qued\u00f3 seleccionado, lo que me enorgullece representar al pa\u00eds y a la instituci\u00f3n a la que pertenezco\u201d, <\/em><\/strong>dijo el Sargento 1\u00ba IM Ren\u00e9 Cruz Campa\u00f1a, de la Armada.<\/span><\/p>\n<p><span style=\"font-size: 10pt; color: #000000;\"><strong><em>&nbsp;<\/em><\/strong><strong><em>\u201cSiempre tuve el anhelo de participar y desempe\u00f1arme en un \u00e1rea de misi\u00f3n, estoy contento de servirle al pa\u00eds, de ayudar a la comunidad internacional y dejar bien puesto el nombre del Ej\u00e9rcito de Chile en esta misi\u00f3n<\/em><\/strong>\u201d, explic\u00f3 el Cabo 1 Ricardo Medel D\u00edaz del Ej\u00e9rcito.<\/span><\/p>\n<p><span style=\"font-size: 10pt; color: #000000;\"><a style=\"color: #000000;\" href=\"https:\/\/www.emco.mil.cl\/wp-content\/uploads\/TODOS1-CHIPRE-33.jpg\"><img decoding=\"async\" class=\"aligncenter size-full wp-image-4429\" src=\"https:\/\/www.emco.mil.cl\/wp-content\/uploads\/TODOS1-CHIPRE-33.jpg\" alt=\"TODOS1 CHIPRE 33\" width=\"620\" height=\"413\"><\/a><\/span><\/p>\n<p><span style=\"font-size: 10pt; color: #000000;\">En esta misi\u00f3n, desde 1993, hay tres batallones pertenecientes a Reino Unido, Austria y Argentina. El contingente argentino cubre un tercio de la \u201cZona de Amortiguaci\u00f3n\u201d y, desde el a\u00f1o 2003, producto de los acuerdos de confianza mutua, entre Chile y Argentina, se dispuso el despliegue de una Fuerza Militar Conjunta.<\/span><\/p>\n<p><span style=\"font-size: 10pt;\"><span style=\"color: #000000;\">UNFICYP se mantiene activa desde 1964 y Chile comenz\u00f3 a colaborar a partir del a\u00f1o 1999. En la actualidad, nuestro pa\u00eds participa con un contingente de 12 uniformados, 6 representantes del Ej\u00e9rcito y 6<\/span> de la Armada.<\/span><\/p>\n","protected":false},"excerpt":{"rendered":"<p>En dependencias de la Direcci\u00f3n de Operaciones y Conducci\u00f3n Conjunta (DOPCON), el Jefe del Departamento II \u201cConducci\u00f3n de Operaciones de Paz\u201d, Capit\u00e1n de Nav\u00edo IM Favio Santib\u00e1\u00f1ez Ortiz, recibi\u00f3 y despidi\u00f3 en nombre del Estado Mayor Conjunto al personal uniformado de Ej\u00e9rcito y Armada de Chile, que se desplegar\u00e1n por seis meses a la Fuerza&#8230;<\/p>\n","protected":false},"author":5,"featured_media":5823,"comment_status":"closed","ping_status":"closed","sticky":false,"template":"","format":"standard","meta":{"_kad_post_transparent":"","_kad_post_title":"","_kad_post_layout":"","_kad_post_sidebar_id":"","_kad_post_content_style":"","_kad_post_vertical_padding":"","_kad_post_feature":"","_kad_post_feature_position":"","_kad_post_header":false,"_kad_post_footer":false,"footnotes":""},"categories":[15,3],"tags":[],"class_list":["post-4426","post","type-post","status-publish","format-standard","has-post-thumbnail","hentry","category-15","category-noticias"],"_links":{"self":[{"href":"https:\/\/www.emco.mil.cl\/index.php\/wp-json\/wp\/v2\/posts\/4426","targetHints":{"allow":["GET"]}}],"collection":[{"href":"https:\/\/www.emco.mil.cl\/index.php\/wp-json\/wp\/v2\/posts"}],"about":[{"href":"https:\/\/www.emco.mil.cl\/index.php\/wp-json\/wp\/v2\/types\/post"}],"author":[{"embeddable":true,"href":"https:\/\/www.emco.mil.cl\/index.php\/wp-json\/wp\/v2\/users\/5"}],"replies":[{"embeddable":true,"href":"https:\/\/www.emco.mil.cl\/index.php\/wp-json\/wp\/v2\/comments?post=4426"}],"version-history":[{"count":1,"href":"https:\/\/www.emco.mil.cl\/index.php\/wp-json\/wp\/v2\/posts\/4426\/revisions"}],"predecessor-version":[{"id":5986,"href":"https:\/\/www.emco.mil.cl\/index.php\/wp-json\/wp\/v2\/posts\/4426\/revisions\/5986"}],"wp:featuredmedia":[{"embeddable":true,"href":"https:\/\/www.emco.mil.cl\/index.php\/wp-json\/wp\/v2\/media\/5823"}],"wp:attachment":[{"href":"https:\/\/www.emco.mil.cl\/index.php\/wp-json\/wp\/v2\/media?parent=4426"}],"wp:term":[{"taxonomy":"category","embeddable":true,"href":"https:\/\/www.emco.mil.cl\/index.php\/wp-json\/wp\/v2\/categories?post=4426"},{"taxonomy":"post_tag","embeddable":true,"href":"https:\/\/www.emco.mil.cl\/index.php\/wp-json\/wp\/v2\/tags?post=4426"}],"curies":[{"name":"wp","href":"https:\/\/api.w.org\/{rel}","templated":true}]}}