{"id":4378,"date":"2019-01-18T18:48:58","date_gmt":"2019-01-18T18:48:58","guid":{"rendered":"http:\/\/www.emco.mil.cl\/?p=4378"},"modified":"2021-09-28T12:37:58","modified_gmt":"2021-09-28T15:37:58","slug":"charlas-de-delegadas-de-genero-de-las-fuerzas-armadas","status":"publish","type":"post","link":"https:\/\/www.emco.mil.cl\/index.php\/2019\/01\/18\/charlas-de-delegadas-de-genero-de-las-fuerzas-armadas\/","title":{"rendered":"Charlas de delegadas de g\u00e9nero de las Fuerzas Armadas"},"content":{"rendered":"<p><span style=\"color: #000000; font-size: 10pt;\">En marco del convenio entre el Ministerio de Defensa y de la Mujer y Equidad, este viernes 18 de enero, en la ciudad de Iquique, se llev\u00f3 a cabo una presentaci\u00f3n por parte de las delegadas de g\u00e9nero de las Fuerzas Armadas a las mujeres uniformadas de la IV Zona Naval, cita a la que asistieron el Ministro de Defensa, Alberto Espina, junto al Jefe del Estado Mayor Conjunto, Vicealmirante Rodrigo \u00c1lvarez.<\/span><\/p>\n<p><span style=\"color: #000000;\"><a style=\"color: #000000;\" href=\"https:\/\/www.emco.mil.cl\/wp-content\/uploads\/22-1.jpg\"><img fetchpriority=\"high\" decoding=\"async\" class=\"aligncenter size-full wp-image-4380\" src=\"https:\/\/www.emco.mil.cl\/wp-content\/uploads\/22-1.jpg\" alt=\"22\" width=\"620\" height=\"413\"><\/a><\/span><\/p>\n<p><span style=\"color: #000000; font-size: 10pt;\">La presentaci\u00f3n, que tuvo la asistencia de m\u00e1s de 1000 mujeres, se concentr\u00f3 en la difusi\u00f3n y educaci\u00f3n de los distintos protocolos y mecanismos para casos de acoso laboral y sexual en las FF.AA., por parte de las delegadas de g\u00e9nero de Ej\u00e9rcito, Armada y Fuerza A\u00e9rea.<\/span><\/p>\n<p><span style=\"color: #000000;\"><a style=\"color: #000000;\" href=\"https:\/\/www.emco.mil.cl\/wp-content\/uploads\/33-2.jpg\"><img decoding=\"async\" class=\"aligncenter size-full wp-image-4381\" src=\"https:\/\/www.emco.mil.cl\/wp-content\/uploads\/33-2.jpg\" alt=\"33\" width=\"620\" height=\"413\"><\/a><\/span><\/p>\n<p><span style=\"color: #000000; font-size: 10pt;\">Como parte de su visita, el Ministro Espina, junto al JEMCO y las delegadas, saludaron a la primera Comandante de buque de la Armada, Teniente Carolina Cuadra, quien el pr\u00f3ximo a\u00f1o se desempe\u00f1ar\u00e1 como Subjefe del Centro de Mantenimiento de Unidades a flote de la IV Zona Naval.<\/span><\/p>\n<p><span style=\"color: #000000;\"><a style=\"color: #000000;\" href=\"https:\/\/www.emco.mil.cl\/wp-content\/uploads\/44-1.jpg\"><img decoding=\"async\" class=\"aligncenter size-full wp-image-4382\" src=\"https:\/\/www.emco.mil.cl\/wp-content\/uploads\/44-1.jpg\" alt=\"44\" width=\"620\" height=\"413\"><\/a><\/span><\/p>\n<p><a href=\"https:\/\/www.emco.mil.cl\/wp-content\/uploads\/55-1.jpg\"><img loading=\"lazy\" decoding=\"async\" class=\"aligncenter size-full wp-image-4383\" src=\"https:\/\/www.emco.mil.cl\/wp-content\/uploads\/55-1.jpg\" alt=\"55\" width=\"620\" height=\"413\"><\/a><\/p>\n","protected":false},"excerpt":{"rendered":"<p>En marco del convenio entre el Ministerio de Defensa y de la Mujer y Equidad, este viernes 18 de enero, en la ciudad de Iquique, se llev\u00f3 a cabo una presentaci\u00f3n por parte de las delegadas de g\u00e9nero de las Fuerzas Armadas a las mujeres uniformadas de la IV Zona Naval, cita a la que&#8230;<\/p>\n","protected":false},"author":5,"featured_media":5823,"comment_status":"closed","ping_status":"closed","sticky":false,"template":"","format":"standard","meta":{"_kad_post_transparent":"","_kad_post_title":"","_kad_post_layout":"","_kad_post_sidebar_id":"","_kad_post_content_style":"","_kad_post_vertical_padding":"","_kad_post_feature":"","_kad_post_feature_position":"","_kad_post_header":false,"_kad_post_footer":false,"footnotes":""},"categories":[15,3],"tags":[],"class_list":["post-4378","post","type-post","status-publish","format-standard","has-post-thumbnail","hentry","category-15","category-noticias"],"_links":{"self":[{"href":"https:\/\/www.emco.mil.cl\/index.php\/wp-json\/wp\/v2\/posts\/4378","targetHints":{"allow":["GET"]}}],"collection":[{"href":"https:\/\/www.emco.mil.cl\/index.php\/wp-json\/wp\/v2\/posts"}],"about":[{"href":"https:\/\/www.emco.mil.cl\/index.php\/wp-json\/wp\/v2\/types\/post"}],"author":[{"embeddable":true,"href":"https:\/\/www.emco.mil.cl\/index.php\/wp-json\/wp\/v2\/users\/5"}],"replies":[{"embeddable":true,"href":"https:\/\/www.emco.mil.cl\/index.php\/wp-json\/wp\/v2\/comments?post=4378"}],"version-history":[{"count":1,"href":"https:\/\/www.emco.mil.cl\/index.php\/wp-json\/wp\/v2\/posts\/4378\/revisions"}],"predecessor-version":[{"id":5988,"href":"https:\/\/www.emco.mil.cl\/index.php\/wp-json\/wp\/v2\/posts\/4378\/revisions\/5988"}],"wp:featuredmedia":[{"embeddable":true,"href":"https:\/\/www.emco.mil.cl\/index.php\/wp-json\/wp\/v2\/media\/5823"}],"wp:attachment":[{"href":"https:\/\/www.emco.mil.cl\/index.php\/wp-json\/wp\/v2\/media?parent=4378"}],"wp:term":[{"taxonomy":"category","embeddable":true,"href":"https:\/\/www.emco.mil.cl\/index.php\/wp-json\/wp\/v2\/categories?post=4378"},{"taxonomy":"post_tag","embeddable":true,"href":"https:\/\/www.emco.mil.cl\/index.php\/wp-json\/wp\/v2\/tags?post=4378"}],"curies":[{"name":"wp","href":"https:\/\/api.w.org\/{rel}","templated":true}]}}