{"id":4358,"date":"2019-01-17T20:13:12","date_gmt":"2019-01-17T20:13:12","guid":{"rendered":"http:\/\/www.emco.mil.cl\/?p=4358"},"modified":"2021-09-28T12:38:33","modified_gmt":"2021-09-28T15:38:33","slug":"presidente-de-la-republica-da-inicio-al-programa-de-reparacion-y-asistencia-en-rehabilitacion-a-victimas-de-minas-antipersonales","status":"publish","type":"post","link":"https:\/\/www.emco.mil.cl\/index.php\/2019\/01\/17\/presidente-de-la-republica-da-inicio-al-programa-de-reparacion-y-asistencia-en-rehabilitacion-a-victimas-de-minas-antipersonales\/","title":{"rendered":"Presidente de la Rep\u00fablica da inicio al Programa de Reparaci\u00f3n y Asistencia en Rehabilitaci\u00f3n a v\u00edctimas de minas antipersonales"},"content":{"rendered":"<p><span style=\"font-size: 10pt; color: #000000;\">Este jueves 17 de enero, el Presidente de la Rep\u00fablica, Sebasti\u00e1n Pi\u00f1era viaj\u00f3 hasta la ciudad de Arica, junto al Ministro de Defensa, Alberto Espina, el Jefe del Estado Mayor Conjunto, Vicealmirante Rodrigo \u00c1lvarez y otras autoridades, para dar inicio al Programa de Reparaci\u00f3n y Asistencia en Rehabilitaci\u00f3n a las v\u00edctimas de explosi\u00f3n de minas u otros artefactos explosivos militares abandonados o sin estallar.<\/span><\/p>\n<p><span style=\"font-size: 10pt; color: #000000;\">Con esto se da curso a lo se\u00f1alado en la Ley 21.021, que entr\u00f3 en vigencia en noviembre de 2018, y establece una reparaci\u00f3n econ\u00f3mica de UF900 (m\u00e1s de $24 millones) para afectados o herederos de fallecidos. La ley tambi\u00e9n contempla una asignaci\u00f3n especial por fallecimiento de UF45 por gastos f\u00fanebres, y establece que el Ministerio de Defensa deber\u00e1 crear un Registro de Beneficiarios y un Catastro de V\u00edctimas.<\/span><\/p>\n<p><a href=\"https:\/\/www.emco.mil.cl\/wp-content\/uploads\/web_interna5.jpg\"><img fetchpriority=\"high\" decoding=\"async\" class=\"aligncenter size-full wp-image-4371\" src=\"https:\/\/www.emco.mil.cl\/wp-content\/uploads\/web_interna5.jpg\" alt=\"web_interna5\" width=\"620\" height=\"414\"><\/a><\/p>\n<p><span style=\"font-size: 10pt; color: #000000;\"><strong><em>\u00abDecirles a las v\u00edctimas que sentimos su dolor como si fuera propio y, que, aunque tarde, creemos que estamos haciendo justicia al llegar con este elemento de compensaci\u00f3n, que nunca va a ser total, pero s\u00ed es un s\u00edmbolo de la solidaridad del pueblo chileno con aquellos que tuvieron que sufrir los accidentes y los sufrimientos, productos de estos artefactos mortales\u00bb,<\/em><\/strong> dijo el Presidente Pi\u00f1era.<\/span><\/p>\n<p><span style=\"font-size: 10pt; color: #000000;\">Es as\u00ed como Chile, a trav\u00e9s de la Comisi\u00f3n Nacional de Desminado (CNAD), da cumplimento a uno de los compromisos de la Convenci\u00f3n de Ottawa, suscrita por nuestro pa\u00eds en 2002 y que establece la prohibici\u00f3n, destrucci\u00f3n y limpieza de las zonas minadas, adem\u00e1s de entrega de asistencia a las v\u00edctimas.<\/span><\/p>\n<p><span style=\"font-size: 10pt; color: #000000;\">La CNAD y sus organismos dependientes, est\u00e1n trabajando constantemente para alcanzar la meta prevista para el a\u00f1o 2020, el 100 por ciento del desminado y de esta forma, reafirmar la seriedad con que nuestro pa\u00eds asume los compromisos internacionales adquiridos.<\/span><\/p>\n<p><a href=\"https:\/\/www.emco.mil.cl\/wp-content\/uploads\/web_interna1-1.jpg\"><img decoding=\"async\" class=\"aligncenter size-full wp-image-4367\" src=\"https:\/\/www.emco.mil.cl\/wp-content\/uploads\/web_interna1-1.jpg\" alt=\"web_interna1\" width=\"620\" height=\"414\"><\/a><\/p>\n","protected":false},"excerpt":{"rendered":"<p>Este jueves 17 de enero, el Presidente de la Rep\u00fablica, Sebasti\u00e1n Pi\u00f1era viaj\u00f3 hasta la ciudad de Arica, junto al Ministro de Defensa, Alberto Espina, el Jefe del Estado Mayor Conjunto, Vicealmirante Rodrigo \u00c1lvarez y otras autoridades, para dar inicio al Programa de Reparaci\u00f3n y Asistencia en Rehabilitaci\u00f3n a las v\u00edctimas de explosi\u00f3n de minas&#8230;<\/p>\n","protected":false},"author":5,"featured_media":5823,"comment_status":"closed","ping_status":"closed","sticky":false,"template":"","format":"standard","meta":{"_kad_post_transparent":"","_kad_post_title":"","_kad_post_layout":"","_kad_post_sidebar_id":"","_kad_post_content_style":"","_kad_post_vertical_padding":"","_kad_post_feature":"","_kad_post_feature_position":"","_kad_post_header":false,"_kad_post_footer":false,"footnotes":""},"categories":[15,3],"tags":[],"class_list":["post-4358","post","type-post","status-publish","format-standard","has-post-thumbnail","hentry","category-15","category-noticias"],"_links":{"self":[{"href":"https:\/\/www.emco.mil.cl\/index.php\/wp-json\/wp\/v2\/posts\/4358","targetHints":{"allow":["GET"]}}],"collection":[{"href":"https:\/\/www.emco.mil.cl\/index.php\/wp-json\/wp\/v2\/posts"}],"about":[{"href":"https:\/\/www.emco.mil.cl\/index.php\/wp-json\/wp\/v2\/types\/post"}],"author":[{"embeddable":true,"href":"https:\/\/www.emco.mil.cl\/index.php\/wp-json\/wp\/v2\/users\/5"}],"replies":[{"embeddable":true,"href":"https:\/\/www.emco.mil.cl\/index.php\/wp-json\/wp\/v2\/comments?post=4358"}],"version-history":[{"count":1,"href":"https:\/\/www.emco.mil.cl\/index.php\/wp-json\/wp\/v2\/posts\/4358\/revisions"}],"predecessor-version":[{"id":5989,"href":"https:\/\/www.emco.mil.cl\/index.php\/wp-json\/wp\/v2\/posts\/4358\/revisions\/5989"}],"wp:featuredmedia":[{"embeddable":true,"href":"https:\/\/www.emco.mil.cl\/index.php\/wp-json\/wp\/v2\/media\/5823"}],"wp:attachment":[{"href":"https:\/\/www.emco.mil.cl\/index.php\/wp-json\/wp\/v2\/media?parent=4358"}],"wp:term":[{"taxonomy":"category","embeddable":true,"href":"https:\/\/www.emco.mil.cl\/index.php\/wp-json\/wp\/v2\/categories?post=4358"},{"taxonomy":"post_tag","embeddable":true,"href":"https:\/\/www.emco.mil.cl\/index.php\/wp-json\/wp\/v2\/tags?post=4358"}],"curies":[{"name":"wp","href":"https:\/\/api.w.org\/{rel}","templated":true}]}}