{"id":4348,"date":"2019-01-15T16:09:43","date_gmt":"2019-01-15T16:09:43","guid":{"rendered":"http:\/\/www.emco.mil.cl\/?p=4348"},"modified":"2021-09-28T12:38:56","modified_gmt":"2021-09-28T15:38:56","slug":"entrega-de-medalla-de-honor-al-agregado-de-defensa-militar-naval-y-aereo-chileno-en-paraguay","status":"publish","type":"post","link":"https:\/\/www.emco.mil.cl\/index.php\/2019\/01\/15\/entrega-de-medalla-de-honor-al-agregado-de-defensa-militar-naval-y-aereo-chileno-en-paraguay\/","title":{"rendered":"Entrega de medalla de honor al Agregado de Defensa Militar, Naval y A\u00e9reo chileno en Paraguay"},"content":{"rendered":"<p><span style=\"font-size: 10pt; color: #000000;\">El 11 de enero pasado, en Asunci\u00f3n, Paraguay, se llev\u00f3 a cabo la ceremonia de imposici\u00f3n de la \u201cMedalla de la Armada Paraguaya\u201d, al Agregado de Defensa Militar, Naval y A\u00e9reo de Chile en Paraguay, el Coronel Jorge Cheg Antonio, a quien se le entreg\u00f3 este m\u00e9rito por su relevante servicio prestado a la Armada Paraguaya. La distinci\u00f3n fue otorgada por el Jefe del Estado Mayor de la Armada de Paraguay, Vicealmirante Bienvenido Ar\u00e9valos Guillen.<\/span><\/p>\n<p><span style=\"color: #000000;\"><a style=\"color: #000000;\" href=\"https:\/\/www.emco.mil.cl\/wp-content\/uploads\/1-58.jpg\"><img fetchpriority=\"high\" decoding=\"async\" class=\"aligncenter size-full wp-image-4349\" src=\"https:\/\/www.emco.mil.cl\/wp-content\/uploads\/1-58.jpg\" alt=\"1\" width=\"620\" height=\"413\"><\/a><\/span><\/p>\n<p><span style=\"font-size: 10pt; color: #000000;\">El Coronel Cheg, fue recibido con los Honores Militares, el acto cont\u00f3 con la presencia de Comandantes y Directores de Unidades y Unidades dependientes del Cuartel General de la Armada.<\/span><\/p>\n<p><span style=\"color: #000000;\"><a style=\"color: #000000;\" href=\"https:\/\/www.emco.mil.cl\/wp-content\/uploads\/2-58.jpg\"><img decoding=\"async\" class=\"aligncenter size-full wp-image-4350\" src=\"https:\/\/www.emco.mil.cl\/wp-content\/uploads\/2-58.jpg\" alt=\"2\" width=\"620\" height=\"413\"><\/a><\/span><\/p>\n<p><span style=\"color: #000000;\"><a style=\"color: #000000;\" href=\"https:\/\/www.emco.mil.cl\/wp-content\/uploads\/3-35.jpg\"><img decoding=\"async\" class=\"aligncenter size-full wp-image-4351\" src=\"https:\/\/www.emco.mil.cl\/wp-content\/uploads\/3-35.jpg\" alt=\"3\" width=\"620\" height=\"413\"><\/a><\/span><\/p>\n","protected":false},"excerpt":{"rendered":"<p>El 11 de enero pasado, en Asunci\u00f3n, Paraguay, se llev\u00f3 a cabo la ceremonia de imposici\u00f3n de la \u201cMedalla de la Armada Paraguaya\u201d, al Agregado de Defensa Militar, Naval y A\u00e9reo de Chile en Paraguay, el Coronel Jorge Cheg Antonio, a quien se le entreg\u00f3 este m\u00e9rito por su relevante servicio prestado a la Armada&#8230;<\/p>\n","protected":false},"author":5,"featured_media":5823,"comment_status":"closed","ping_status":"closed","sticky":false,"template":"","format":"standard","meta":{"_kad_post_transparent":"","_kad_post_title":"","_kad_post_layout":"","_kad_post_sidebar_id":"","_kad_post_content_style":"","_kad_post_vertical_padding":"","_kad_post_feature":"","_kad_post_feature_position":"","_kad_post_header":false,"_kad_post_footer":false,"footnotes":""},"categories":[15,3],"tags":[],"class_list":["post-4348","post","type-post","status-publish","format-standard","has-post-thumbnail","hentry","category-15","category-noticias"],"_links":{"self":[{"href":"https:\/\/www.emco.mil.cl\/index.php\/wp-json\/wp\/v2\/posts\/4348","targetHints":{"allow":["GET"]}}],"collection":[{"href":"https:\/\/www.emco.mil.cl\/index.php\/wp-json\/wp\/v2\/posts"}],"about":[{"href":"https:\/\/www.emco.mil.cl\/index.php\/wp-json\/wp\/v2\/types\/post"}],"author":[{"embeddable":true,"href":"https:\/\/www.emco.mil.cl\/index.php\/wp-json\/wp\/v2\/users\/5"}],"replies":[{"embeddable":true,"href":"https:\/\/www.emco.mil.cl\/index.php\/wp-json\/wp\/v2\/comments?post=4348"}],"version-history":[{"count":1,"href":"https:\/\/www.emco.mil.cl\/index.php\/wp-json\/wp\/v2\/posts\/4348\/revisions"}],"predecessor-version":[{"id":5990,"href":"https:\/\/www.emco.mil.cl\/index.php\/wp-json\/wp\/v2\/posts\/4348\/revisions\/5990"}],"wp:featuredmedia":[{"embeddable":true,"href":"https:\/\/www.emco.mil.cl\/index.php\/wp-json\/wp\/v2\/media\/5823"}],"wp:attachment":[{"href":"https:\/\/www.emco.mil.cl\/index.php\/wp-json\/wp\/v2\/media?parent=4348"}],"wp:term":[{"taxonomy":"category","embeddable":true,"href":"https:\/\/www.emco.mil.cl\/index.php\/wp-json\/wp\/v2\/categories?post=4348"},{"taxonomy":"post_tag","embeddable":true,"href":"https:\/\/www.emco.mil.cl\/index.php\/wp-json\/wp\/v2\/tags?post=4348"}],"curies":[{"name":"wp","href":"https:\/\/api.w.org\/{rel}","templated":true}]}}