{"id":4341,"date":"2019-01-15T15:05:19","date_gmt":"2019-01-15T15:05:19","guid":{"rendered":"http:\/\/www.emco.mil.cl\/?p=4341"},"modified":"2021-09-28T12:39:56","modified_gmt":"2021-09-28T15:39:56","slug":"repliegue-de-oficial-fach-de-mision-de-paz-en-india-pakistan","status":"publish","type":"post","link":"https:\/\/www.emco.mil.cl\/index.php\/2019\/01\/15\/repliegue-de-oficial-fach-de-mision-de-paz-en-india-pakistan\/","title":{"rendered":"Repliegue de Oficial FACh de Misi\u00f3n de Paz en India \u2013 Pakist\u00e1n"},"content":{"rendered":"<p><span style=\"font-size: 10pt; color: #000000;\">El lunes 14 de enero, en dependencias de la Direcci\u00f3n de Operaciones y Conducci\u00f3n Conjunta (DOPCON) del Estado Mayor Conjunto, el Contralmirante Pablo Niemann recibi\u00f3 al Comandante de Escuadrilla (DA), Pablo Varela, de la Fuerza A\u00e9rea de Chile, quien se desempe\u00f1\u00f3 por 12 meses en el Grupo de Observadores Militares de las Naciones Unidas en India y Pakist\u00e1n (UNMOGIP).<\/span><\/p>\n<p><span style=\"color: #000000;\"><a style=\"color: #000000;\" href=\"https:\/\/www.emco.mil.cl\/wp-content\/uploads\/1-57.jpg\"><img fetchpriority=\"high\" decoding=\"async\" class=\"aligncenter size-full wp-image-4342\" src=\"https:\/\/www.emco.mil.cl\/wp-content\/uploads\/1-57.jpg\" alt=\"1\" width=\"620\" height=\"413\"><\/a><\/span><\/p>\n<p><span style=\"font-size: 10pt; color: #000000;\"><strong><em>\u201cEsta misi\u00f3n es una gran experiencia personal y profesional. Ah\u00ed se puede ver la realidad de un conflicto y las consecuencias de \u00e9ste, pude participar en tareas operacionales y de planificaci\u00f3n con distintos pa\u00edses. Durante mi periodo de despliegue, tuve la oportunidad de desempe\u00f1arme en 9 de las 11 estaciones y ser Oficial de Operaciones en el Cuartel General\u201d,<\/em><\/strong> dijo el CDE Varela.<\/span><\/p>\n<p><span style=\"color: #000000;\"><a style=\"color: #000000;\" href=\"https:\/\/www.emco.mil.cl\/wp-content\/uploads\/2-57.jpg\"><img decoding=\"async\" class=\"aligncenter size-full wp-image-4343\" src=\"https:\/\/www.emco.mil.cl\/wp-content\/uploads\/2-57.jpg\" alt=\"2\" width=\"620\" height=\"413\"><\/a><\/span><\/p>\n<p><span style=\"color: #000000;\"><a style=\"color: #000000;\" href=\"https:\/\/www.emco.mil.cl\/wp-content\/uploads\/3-34.jpg\"><img decoding=\"async\" class=\"aligncenter size-full wp-image-4344\" src=\"https:\/\/www.emco.mil.cl\/wp-content\/uploads\/3-34.jpg\" alt=\"3\" width=\"620\" height=\"413\"><\/a><\/span><\/p>\n<p><span style=\"font-size: 10pt; color: #000000;\">El Grupo de Observadores Militares de Naciones Unidas (UNMOGIP) fue creado en 1949, bajo mandato de las Naciones Unidas, desplegado con el objeto de supervisar el alto al fuego acordado entre India y Pakist\u00e1n en los estados de Jammu y Kashmir. Desde la reanudaci\u00f3n de las hostilidades en 1971, la UNMOGIP supervisa el alto al fuego al que apela el Consejo de Seguridad de naciones Unidas (CSNU).<\/span><\/p>\n<p><span style=\"font-size: 10pt; color: #000000;\">Chile contribuye a esta misi\u00f3n con un Oficial de Ej\u00e9rcito y uno de la Fuerza A\u00e9rea, quienes se desplazan en las diferentes estaciones a lo largo de la L\u00ednea de Control, supervisando el alto al fuego acordado entre la India y Pakist\u00e1n.<\/span><\/p>\n","protected":false},"excerpt":{"rendered":"<p>El lunes 14 de enero, en dependencias de la Direcci\u00f3n de Operaciones y Conducci\u00f3n Conjunta (DOPCON) del Estado Mayor Conjunto, el Contralmirante Pablo Niemann recibi\u00f3 al Comandante de Escuadrilla (DA), Pablo Varela, de la Fuerza A\u00e9rea de Chile, quien se desempe\u00f1\u00f3 por 12 meses en el Grupo de Observadores Militares de las Naciones Unidas en&#8230;<\/p>\n","protected":false},"author":5,"featured_media":5823,"comment_status":"closed","ping_status":"closed","sticky":false,"template":"","format":"standard","meta":{"_kad_post_transparent":"","_kad_post_title":"","_kad_post_layout":"","_kad_post_sidebar_id":"","_kad_post_content_style":"","_kad_post_vertical_padding":"","_kad_post_feature":"","_kad_post_feature_position":"","_kad_post_header":false,"_kad_post_footer":false,"footnotes":""},"categories":[15,3],"tags":[],"class_list":["post-4341","post","type-post","status-publish","format-standard","has-post-thumbnail","hentry","category-15","category-noticias"],"_links":{"self":[{"href":"https:\/\/www.emco.mil.cl\/index.php\/wp-json\/wp\/v2\/posts\/4341","targetHints":{"allow":["GET"]}}],"collection":[{"href":"https:\/\/www.emco.mil.cl\/index.php\/wp-json\/wp\/v2\/posts"}],"about":[{"href":"https:\/\/www.emco.mil.cl\/index.php\/wp-json\/wp\/v2\/types\/post"}],"author":[{"embeddable":true,"href":"https:\/\/www.emco.mil.cl\/index.php\/wp-json\/wp\/v2\/users\/5"}],"replies":[{"embeddable":true,"href":"https:\/\/www.emco.mil.cl\/index.php\/wp-json\/wp\/v2\/comments?post=4341"}],"version-history":[{"count":1,"href":"https:\/\/www.emco.mil.cl\/index.php\/wp-json\/wp\/v2\/posts\/4341\/revisions"}],"predecessor-version":[{"id":5991,"href":"https:\/\/www.emco.mil.cl\/index.php\/wp-json\/wp\/v2\/posts\/4341\/revisions\/5991"}],"wp:featuredmedia":[{"embeddable":true,"href":"https:\/\/www.emco.mil.cl\/index.php\/wp-json\/wp\/v2\/media\/5823"}],"wp:attachment":[{"href":"https:\/\/www.emco.mil.cl\/index.php\/wp-json\/wp\/v2\/media?parent=4341"}],"wp:term":[{"taxonomy":"category","embeddable":true,"href":"https:\/\/www.emco.mil.cl\/index.php\/wp-json\/wp\/v2\/categories?post=4341"},{"taxonomy":"post_tag","embeddable":true,"href":"https:\/\/www.emco.mil.cl\/index.php\/wp-json\/wp\/v2\/tags?post=4341"}],"curies":[{"name":"wp","href":"https:\/\/api.w.org\/{rel}","templated":true}]}}