{"id":4333,"date":"2019-01-14T18:03:56","date_gmt":"2019-01-14T18:03:56","guid":{"rendered":"http:\/\/www.emco.mil.cl\/?p=4333"},"modified":"2021-09-28T12:40:37","modified_gmt":"2021-09-28T15:40:37","slug":"presidente-de-la-republica-firma-proyecto-de-modernizacion-de-la-carrera-militar","status":"publish","type":"post","link":"https:\/\/www.emco.mil.cl\/index.php\/2019\/01\/14\/presidente-de-la-republica-firma-proyecto-de-modernizacion-de-la-carrera-militar\/","title":{"rendered":"Presidente de la Rep\u00fablica firma proyecto de modernizaci\u00f3n de la carrera militar"},"content":{"rendered":"<p><span style=\"font-size: 10pt; color: #000000;\">Este lunes 14 de enero, en el Patio de los Naranjos en el Palacio de La Moneda, el Presidente de la Rep\u00fablica, Sebasti\u00e1n Pi\u00f1era, firm\u00f3 el proyecto de ley que tiene como objetivo modernizar la carrera militar de las Fuerzas Armadas y extendi\u00e9ndola de 30 a 35 a\u00f1os.<\/span><\/p>\n<p><span style=\"font-size: 10pt; color: #000000;\">A la cita acudieron el Ministro de Defensa, Alberto Espina, los Comandante en Jefe de las FF.AA., los Subsecretarios de Defensa y para las Fuerzas Armadas, el Jefe del Estado Mayor Conjunto, Vicealmirante Rodrigo \u00c1lvarez e integrantes de las Comisiones de Defensa tanto de la C\u00e1mara de Diputados como del Senado, entre otros.<\/span><\/p>\n<p><span style=\"color: #000000;\"><a style=\"color: #000000;\" href=\"https:\/\/www.emco.mil.cl\/wp-content\/uploads\/2-56.jpg\"><img fetchpriority=\"high\" decoding=\"async\" class=\"aligncenter size-full wp-image-4335\" src=\"https:\/\/www.emco.mil.cl\/wp-content\/uploads\/2-56.jpg\" alt=\"2\" width=\"620\" height=\"413\"><\/a><\/span><\/p>\n<p><span style=\"font-size: 10pt; color: #000000;\"><strong><em>&nbsp;\u201cDesde el a\u00f1o 50 a esta \u00e9poca, la expectativa de vida en nuestro pa\u00eds ha crecido y va a seguir creciendo, en consecuencia es importante adecuar esta nueva demograf\u00eda y esta nueva expectativa de vida a lo que es la carrera militar\u201d,<\/em><\/strong> dijo el Presidente Pi\u00f1era.<\/span><\/p>\n<p><span style=\"color: #000000;\"><a style=\"color: #000000;\" href=\"https:\/\/www.emco.mil.cl\/wp-content\/uploads\/1-56.jpg\"><img decoding=\"async\" class=\"aligncenter size-full wp-image-4334\" src=\"https:\/\/www.emco.mil.cl\/wp-content\/uploads\/1-56.jpg\" alt=\"1\" width=\"620\" height=\"413\"><\/a><\/span><\/p>\n<p><span style=\"font-size: 10pt; color: #000000;\">Este proyecto pretende cambiar la realidad actual, en donde el personal en los grados superiores aumentar\u00e1 el m\u00e1ximo legal de permanencia de 38 a 41 a\u00f1os&nbsp;&nbsp; en el caso de los oficiales, y de 35 a 40 a\u00f1os en el caso de los suboficiales. Es as\u00ed, como gradualmente se postergar\u00e1 el derecho a pensi\u00f3n completa desde 30 a 35 a\u00f1os y el derecho a obtener la pensi\u00f3n m\u00ednima desde 20 a 23 a\u00f1os.<\/span><\/p>\n<p><span style=\"font-size: 10pt; color: #000000;\"><strong><em>\u201cEste proyecto significa un tremendo avance en el proceso de modernizaci\u00f3n de la Defensa y nuestras Fuerzas Armadas, porque permite que Suboficiales y Oficiales que est\u00e1n altamente capacitados y preparados, puedan continuar en la carrera militar sin tener que ir a retiro muy j\u00f3venes, como ocurre hoy d\u00eda\u201d,<\/em><\/strong> coment\u00f3 el Ministro Espina.<\/span><\/p>\n<p><span style=\"color: #000000;\"><a style=\"color: #000000;\" href=\"https:\/\/www.emco.mil.cl\/wp-content\/uploads\/4-8.jpg\"><img decoding=\"async\" class=\"aligncenter size-full wp-image-4337\" src=\"https:\/\/www.emco.mil.cl\/wp-content\/uploads\/4-8.jpg\" alt=\"4\" width=\"620\" height=\"413\"><\/a><\/span><\/p>\n","protected":false},"excerpt":{"rendered":"<p>Este lunes 14 de enero, en el Patio de los Naranjos en el Palacio de La Moneda, el Presidente de la Rep\u00fablica, Sebasti\u00e1n Pi\u00f1era, firm\u00f3 el proyecto de ley que tiene como objetivo modernizar la carrera militar de las Fuerzas Armadas y extendi\u00e9ndola de 30 a 35 a\u00f1os. A la cita acudieron el Ministro de&#8230;<\/p>\n","protected":false},"author":5,"featured_media":5823,"comment_status":"closed","ping_status":"closed","sticky":false,"template":"","format":"standard","meta":{"_kad_post_transparent":"","_kad_post_title":"","_kad_post_layout":"","_kad_post_sidebar_id":"","_kad_post_content_style":"","_kad_post_vertical_padding":"","_kad_post_feature":"","_kad_post_feature_position":"","_kad_post_header":false,"_kad_post_footer":false,"footnotes":""},"categories":[15,3],"tags":[],"class_list":["post-4333","post","type-post","status-publish","format-standard","has-post-thumbnail","hentry","category-15","category-noticias"],"_links":{"self":[{"href":"https:\/\/www.emco.mil.cl\/index.php\/wp-json\/wp\/v2\/posts\/4333","targetHints":{"allow":["GET"]}}],"collection":[{"href":"https:\/\/www.emco.mil.cl\/index.php\/wp-json\/wp\/v2\/posts"}],"about":[{"href":"https:\/\/www.emco.mil.cl\/index.php\/wp-json\/wp\/v2\/types\/post"}],"author":[{"embeddable":true,"href":"https:\/\/www.emco.mil.cl\/index.php\/wp-json\/wp\/v2\/users\/5"}],"replies":[{"embeddable":true,"href":"https:\/\/www.emco.mil.cl\/index.php\/wp-json\/wp\/v2\/comments?post=4333"}],"version-history":[{"count":1,"href":"https:\/\/www.emco.mil.cl\/index.php\/wp-json\/wp\/v2\/posts\/4333\/revisions"}],"predecessor-version":[{"id":5992,"href":"https:\/\/www.emco.mil.cl\/index.php\/wp-json\/wp\/v2\/posts\/4333\/revisions\/5992"}],"wp:featuredmedia":[{"embeddable":true,"href":"https:\/\/www.emco.mil.cl\/index.php\/wp-json\/wp\/v2\/media\/5823"}],"wp:attachment":[{"href":"https:\/\/www.emco.mil.cl\/index.php\/wp-json\/wp\/v2\/media?parent=4333"}],"wp:term":[{"taxonomy":"category","embeddable":true,"href":"https:\/\/www.emco.mil.cl\/index.php\/wp-json\/wp\/v2\/categories?post=4333"},{"taxonomy":"post_tag","embeddable":true,"href":"https:\/\/www.emco.mil.cl\/index.php\/wp-json\/wp\/v2\/tags?post=4333"}],"curies":[{"name":"wp","href":"https:\/\/api.w.org\/{rel}","templated":true}]}}