{"id":4328,"date":"2019-01-14T15:33:11","date_gmt":"2019-01-14T15:33:11","guid":{"rendered":"http:\/\/www.emco.mil.cl\/?p=4328"},"modified":"2021-09-28T12:41:58","modified_gmt":"2021-09-28T15:41:58","slug":"jefe-del-estado-mayor-conjunto-recibe-saludo-protocolar-del-general-director-de-carabineros","status":"publish","type":"post","link":"https:\/\/www.emco.mil.cl\/index.php\/2019\/01\/14\/jefe-del-estado-mayor-conjunto-recibe-saludo-protocolar-del-general-director-de-carabineros\/","title":{"rendered":"Jefe del Estado Mayor Conjunto recibe saludo protocolar del General Director de Carabineros"},"content":{"rendered":"<p><span style=\"font-size: 10pt; color: #000000;\">La ma\u00f1ana del lunes 14 de enero, el Jefe del Estado Mayor Conjunto, Vicealmirante Rodrigo \u00c1lvarez Rodr\u00edguez, recibi\u00f3 los saludos protocolares del General Director de Carabineros, Mario Rozas C\u00f3rdova, como parte del inicio de su gesti\u00f3n al mando, tras haber sido designado por el Presidente de la Rep\u00fablica, Sebasti\u00e1n Pi\u00f1era Echenique.<\/span><\/p>\n<p><span style=\"color: #000000;\"><a style=\"color: #000000;\" href=\"https:\/\/www.emco.mil.cl\/wp-content\/uploads\/31.jpg\"><img fetchpriority=\"high\" decoding=\"async\" class=\"aligncenter size-full wp-image-4331\" src=\"https:\/\/www.emco.mil.cl\/wp-content\/uploads\/31.jpg\" alt=\"31\" width=\"620\" height=\"413\"><\/a><\/span><\/p>\n<p><span style=\"color: #000000;\"><a style=\"color: #000000;\" href=\"https:\/\/www.emco.mil.cl\/wp-content\/uploads\/12-2.jpg\"><img decoding=\"async\" class=\"aligncenter size-full wp-image-4330\" src=\"https:\/\/www.emco.mil.cl\/wp-content\/uploads\/12-2.jpg\" alt=\"12\" width=\"620\" height=\"413\"><\/a><\/span><\/p>\n","protected":false},"excerpt":{"rendered":"<p>La ma\u00f1ana del lunes 14 de enero, el Jefe del Estado Mayor Conjunto, Vicealmirante Rodrigo \u00c1lvarez Rodr\u00edguez, recibi\u00f3 los saludos protocolares del General Director de Carabineros, Mario Rozas C\u00f3rdova, como parte del inicio de su gesti\u00f3n al mando, tras haber sido designado por el Presidente de la Rep\u00fablica, Sebasti\u00e1n Pi\u00f1era Echenique.<\/p>\n","protected":false},"author":5,"featured_media":5823,"comment_status":"closed","ping_status":"closed","sticky":false,"template":"","format":"standard","meta":{"_kad_post_transparent":"","_kad_post_title":"","_kad_post_layout":"","_kad_post_sidebar_id":"","_kad_post_content_style":"","_kad_post_vertical_padding":"","_kad_post_feature":"","_kad_post_feature_position":"","_kad_post_header":false,"_kad_post_footer":false,"footnotes":""},"categories":[15,3],"tags":[],"class_list":["post-4328","post","type-post","status-publish","format-standard","has-post-thumbnail","hentry","category-15","category-noticias"],"_links":{"self":[{"href":"https:\/\/www.emco.mil.cl\/index.php\/wp-json\/wp\/v2\/posts\/4328","targetHints":{"allow":["GET"]}}],"collection":[{"href":"https:\/\/www.emco.mil.cl\/index.php\/wp-json\/wp\/v2\/posts"}],"about":[{"href":"https:\/\/www.emco.mil.cl\/index.php\/wp-json\/wp\/v2\/types\/post"}],"author":[{"embeddable":true,"href":"https:\/\/www.emco.mil.cl\/index.php\/wp-json\/wp\/v2\/users\/5"}],"replies":[{"embeddable":true,"href":"https:\/\/www.emco.mil.cl\/index.php\/wp-json\/wp\/v2\/comments?post=4328"}],"version-history":[{"count":1,"href":"https:\/\/www.emco.mil.cl\/index.php\/wp-json\/wp\/v2\/posts\/4328\/revisions"}],"predecessor-version":[{"id":5994,"href":"https:\/\/www.emco.mil.cl\/index.php\/wp-json\/wp\/v2\/posts\/4328\/revisions\/5994"}],"wp:featuredmedia":[{"embeddable":true,"href":"https:\/\/www.emco.mil.cl\/index.php\/wp-json\/wp\/v2\/media\/5823"}],"wp:attachment":[{"href":"https:\/\/www.emco.mil.cl\/index.php\/wp-json\/wp\/v2\/media?parent=4328"}],"wp:term":[{"taxonomy":"category","embeddable":true,"href":"https:\/\/www.emco.mil.cl\/index.php\/wp-json\/wp\/v2\/categories?post=4328"},{"taxonomy":"post_tag","embeddable":true,"href":"https:\/\/www.emco.mil.cl\/index.php\/wp-json\/wp\/v2\/tags?post=4328"}],"curies":[{"name":"wp","href":"https:\/\/api.w.org\/{rel}","templated":true}]}}