{"id":4322,"date":"2019-01-10T20:06:51","date_gmt":"2019-01-10T20:06:51","guid":{"rendered":"http:\/\/www.emco.mil.cl\/?p=4322"},"modified":"2021-09-28T12:42:37","modified_gmt":"2021-09-28T15:42:37","slug":"ministro-de-defensa-realiza-videoconferencia-con-autoridades-militares-regionales","status":"publish","type":"post","link":"https:\/\/www.emco.mil.cl\/index.php\/2019\/01\/10\/ministro-de-defensa-realiza-videoconferencia-con-autoridades-militares-regionales\/","title":{"rendered":"Ministro de Defensa realiza videoconferencia con Autoridades Militares Regionales"},"content":{"rendered":"<p><span style=\"font-size: 10pt; color: #000000;\">Esta ma\u00f1ana en la Oficina Nacional de Emergencia del Ministerio del Interior y Seguridad P\u00fablica (ONEMI), el Ministro de Defensa Nacional, Alberto Espina, junto al Subdirector Nacional de ONEMI, Crist\u00f3bal Mena, el Jefe del Estado Mayor Conjunto, Vicealmirante Rodrigo \u00c1lvarez y el Subsecretario de Defensa, Cristi\u00e1n de la Maza, encabezaron una videoconferencia con las 16 Autoridades Militares Regionales de norte a sur de nuestro pa\u00eds.<\/span><\/p>\n<p><span style=\"font-size: 10pt; color: #000000;\">El fin de esta reuni\u00f3n era alinear y coordinar futuras operaciones de las Fuerzas Armadas, en apoyo a la ciudadan\u00eda, en caso de emergencias o cat\u00e1strofes. En ella, se expuso la situaci\u00f3n actual de nuestro pa\u00eds en material de emergencias y cu\u00e1l ha sido la participaci\u00f3n y ayuda de las FF.AA. en ellas. Tambi\u00e9n se habl\u00f3 de las latentes alertas volc\u00e1nicas y s\u00edsmicas, en las que tanto la ONEMI, como las Fuerzas Armadas y el Estado Mayor Conjunto est\u00e1n preparados para actuar r\u00e1pidamente.<\/span><\/p>\n<p><span style=\"color: #000000;\"><a style=\"color: #000000;\" href=\"https:\/\/www.emco.mil.cl\/wp-content\/uploads\/1-55.jpg\"><img fetchpriority=\"high\" decoding=\"async\" class=\"aligncenter size-full wp-image-4318\" src=\"https:\/\/www.emco.mil.cl\/wp-content\/uploads\/1-55.jpg\" alt=\"1\" width=\"620\" height=\"413\"><\/a><\/span><\/p>\n<p><span style=\"font-size: 10pt; color: #000000;\"><strong><em>\u201cUna de las misiones de las Fuerzas Armadas que adquiere cada vez mayor fuerza, importancia y trascendencia para el pa\u00eds, el gobierno y la ciudadan\u00eda, es su trabajo en las emergencias. El objeto de esta reuni\u00f3n es tener una conversaci\u00f3n para ver cu\u00e1n preparados estamos, qu\u00e9 dificultades, amenazas y fortalezas tenemos para eventuales incendios, que hasta ahora hemos podido reaccionar con la colaboraci\u00f3n de la Conaf, el trabajo intenso de ONEMI y el apoyo de las Fuerzas Armadas\u201d,<\/em><\/strong> dijo el Ministro a los presentes.<\/span><\/p>\n<p><span style=\"color: #000000;\"><a style=\"color: #000000;\" href=\"https:\/\/www.emco.mil.cl\/wp-content\/uploads\/3-32.jpg\"><img decoding=\"async\" class=\"aligncenter size-full wp-image-4320\" src=\"https:\/\/www.emco.mil.cl\/wp-content\/uploads\/3-32.jpg\" alt=\"3\" width=\"620\" height=\"413\"><\/a><\/span><\/p>\n<p><span style=\"font-size: 10pt; color: #000000;\">Por otro lado, el Jefe del Estado Mayor Conjunto, VA \u00c1lvarez se dirigi\u00f3 a las Autoridades Militares Regionales en donde les record\u00f3 que <strong><em>\u201clas principales ideas, que todos ustedes deben de tener en consideraci\u00f3n, es primero preocuparse de los respectivos Planes Regionales, teniendo en cuanta la fase de Prevenci\u00f3n, con la coordinaci\u00f3n del empleo de las Fuerzas Armadas en cada una de sus regiones; la fase Respuesta, tanto en estado de normalidad como en estado de excepci\u00f3n constitucional; y la fase de Recuperaci\u00f3n, en donde, eventualmente, participamos en la reconstrucci\u00f3n de la zona de cat\u00e1strofe\u201d<\/em><\/strong> dijo el JEMCO, VA \u00c1lvarez.<\/span><\/p>\n<p><span style=\"color: #000000;\"><a style=\"color: #000000;\" href=\"https:\/\/www.emco.mil.cl\/wp-content\/uploads\/2-55.jpg\"><img decoding=\"async\" class=\"aligncenter size-full wp-image-4319\" src=\"https:\/\/www.emco.mil.cl\/wp-content\/uploads\/2-55.jpg\" alt=\"2\" width=\"620\" height=\"413\"><\/a><\/span><\/p>\n<p><span style=\"font-size: 10pt; color: #000000;\">Nuestras FF.AA. han participado activamente en la extinci\u00f3n de incendios, a trav\u00e9s de sus Brigadas Forestales (BRIFEs y BRIFAR) y tambi\u00e9n, a trav\u00e9s del Transporte Estrat\u00e9gico de Brigadistas de la Corporaci\u00f3n Nacional Forestal (Conaf). La reciente ola de calor en nuestro pa\u00eds, ha dejado 36 incendios forestales, los cuales 23 han sido extinguidos, 11 fueron controlados, y s\u00f3lo 2 siguen activos.<\/span><\/p>\n","protected":false},"excerpt":{"rendered":"<p>Esta ma\u00f1ana en la Oficina Nacional de Emergencia del Ministerio del Interior y Seguridad P\u00fablica (ONEMI), el Ministro de Defensa Nacional, Alberto Espina, junto al Subdirector Nacional de ONEMI, Crist\u00f3bal Mena, el Jefe del Estado Mayor Conjunto, Vicealmirante Rodrigo \u00c1lvarez y el Subsecretario de Defensa, Cristi\u00e1n de la Maza, encabezaron una videoconferencia con las 16&#8230;<\/p>\n","protected":false},"author":5,"featured_media":5823,"comment_status":"closed","ping_status":"closed","sticky":false,"template":"","format":"standard","meta":{"_kad_post_transparent":"","_kad_post_title":"","_kad_post_layout":"","_kad_post_sidebar_id":"","_kad_post_content_style":"","_kad_post_vertical_padding":"","_kad_post_feature":"","_kad_post_feature_position":"","_kad_post_header":false,"_kad_post_footer":false,"footnotes":""},"categories":[15,3],"tags":[],"class_list":["post-4322","post","type-post","status-publish","format-standard","has-post-thumbnail","hentry","category-15","category-noticias"],"_links":{"self":[{"href":"https:\/\/www.emco.mil.cl\/index.php\/wp-json\/wp\/v2\/posts\/4322","targetHints":{"allow":["GET"]}}],"collection":[{"href":"https:\/\/www.emco.mil.cl\/index.php\/wp-json\/wp\/v2\/posts"}],"about":[{"href":"https:\/\/www.emco.mil.cl\/index.php\/wp-json\/wp\/v2\/types\/post"}],"author":[{"embeddable":true,"href":"https:\/\/www.emco.mil.cl\/index.php\/wp-json\/wp\/v2\/users\/5"}],"replies":[{"embeddable":true,"href":"https:\/\/www.emco.mil.cl\/index.php\/wp-json\/wp\/v2\/comments?post=4322"}],"version-history":[{"count":1,"href":"https:\/\/www.emco.mil.cl\/index.php\/wp-json\/wp\/v2\/posts\/4322\/revisions"}],"predecessor-version":[{"id":5995,"href":"https:\/\/www.emco.mil.cl\/index.php\/wp-json\/wp\/v2\/posts\/4322\/revisions\/5995"}],"wp:featuredmedia":[{"embeddable":true,"href":"https:\/\/www.emco.mil.cl\/index.php\/wp-json\/wp\/v2\/media\/5823"}],"wp:attachment":[{"href":"https:\/\/www.emco.mil.cl\/index.php\/wp-json\/wp\/v2\/media?parent=4322"}],"wp:term":[{"taxonomy":"category","embeddable":true,"href":"https:\/\/www.emco.mil.cl\/index.php\/wp-json\/wp\/v2\/categories?post=4322"},{"taxonomy":"post_tag","embeddable":true,"href":"https:\/\/www.emco.mil.cl\/index.php\/wp-json\/wp\/v2\/tags?post=4322"}],"curies":[{"name":"wp","href":"https:\/\/api.w.org\/{rel}","templated":true}]}}