{"id":4305,"date":"2019-01-09T13:04:48","date_gmt":"2019-01-09T13:04:48","guid":{"rendered":"http:\/\/www.emco.mil.cl\/?p=4305"},"modified":"2021-09-28T12:43:22","modified_gmt":"2021-09-28T15:43:22","slug":"4305","status":"publish","type":"post","link":"https:\/\/www.emco.mil.cl\/index.php\/2019\/01\/09\/4305\/","title":{"rendered":"Homenaje a los 40 a\u00f1os de la crisis del Beagle"},"content":{"rendered":"<p><span style=\"font-size: 10pt;\">La ma\u00f1ana del 8 de enero, en Puerto Williams, en la Regi\u00f3n de Magallanes y de la Ant\u00e1rtica Chilena, se llev\u00f3 a cabo la conmemoraci\u00f3n de los 40 a\u00f1os del Conflicto del Canal del Beagle, ceremonia presidida por el Presidente de la Rep\u00fablica, Sebasti\u00e1n Pi\u00f1era, acompa\u00f1ado por el Ministro de Defensa, Alberto Espina y el Canciller, Roberto Ampuero, adem\u00e1s de los Comandantes en Jefe de las FF.AA. y el Jefe del Estado Mayor Conjunto, Vicealmirante Rodrigo \u00c1lvarez.<\/span><\/p>\n<p><a href=\"https:\/\/www.emco.mil.cl\/wp-content\/uploads\/1-54.jpg\"><img fetchpriority=\"high\" decoding=\"async\" class=\"aligncenter size-full wp-image-4306\" src=\"https:\/\/www.emco.mil.cl\/wp-content\/uploads\/1-54.jpg\" alt=\"1\" width=\"620\" height=\"413\"><\/a><\/p>\n<p><span style=\"font-size: 10pt;\">Este acto rindi\u00f3 un homenaje al sacrificio de los soldados, marinos y aviadores chilenos que hace 40 a\u00f1os estuvieron dispuestos a tomar las armas para defender a nuestro pa\u00eds en un conflicto b\u00e9lico que no se realiz\u00f3 gracias a la mediaci\u00f3n del Papa Juan Pablo II y de los esfuerzos diplom\u00e1ticos de otros pa\u00edses.<\/span><\/p>\n<p><strong><em><span style=\"font-size: 10pt;\">\u00ab<\/span><\/em><\/strong><span style=\"font-size: 10pt;\"><strong><em>Tenemos una deuda de gratitud con nuestros soldados, nuestros marinos y con nuestros aviadores, que hace 40 a\u00f1os, y en la v\u00edspera de Navidad, estuvieron dispuestos a entregar lo mejor de s\u00ed mismos, con patriotismo, con coraje y con valent\u00eda por defender a nuestra Patria, nuestra soberan\u00eda y nuestra integridad territorial\u00bb<\/em><\/strong>, dijo el Presidente Pi\u00f1era.&nbsp;<\/span><\/p>\n<p><a href=\"https:\/\/www.emco.mil.cl\/wp-content\/uploads\/4-7.jpg\"><img decoding=\"async\" class=\"aligncenter size-full wp-image-4313\" src=\"https:\/\/www.emco.mil.cl\/wp-content\/uploads\/4-7.jpg\" alt=\"4\" width=\"620\" height=\"413\"><\/a><\/p>\n<p><span style=\"font-size: 10pt;\">Fue as\u00ed como el 8 de enero de 1979, se firm\u00f3 un acuerdo pac\u00edfico, conocido como el Acta de Montevideo, donde se sentaron las bases para evitar un conflicto b\u00e9lico entre Chile y Argentin<\/span>a.<\/p>\n<p><a href=\"https:\/\/www.emco.mil.cl\/wp-content\/uploads\/2-54.jpg\"><img decoding=\"async\" class=\"aligncenter size-full wp-image-4307\" src=\"https:\/\/www.emco.mil.cl\/wp-content\/uploads\/2-54.jpg\" alt=\"2\" width=\"620\" height=\"413\"><\/a><\/p>\n","protected":false},"excerpt":{"rendered":"<p>La ma\u00f1ana del 8 de enero, en Puerto Williams, en la Regi\u00f3n de Magallanes y de la Ant\u00e1rtica Chilena, se llev\u00f3 a cabo la conmemoraci\u00f3n de los 40 a\u00f1os del Conflicto del Canal del Beagle, ceremonia presidida por el Presidente de la Rep\u00fablica, Sebasti\u00e1n Pi\u00f1era, acompa\u00f1ado por el Ministro de Defensa, Alberto Espina y el&#8230;<\/p>\n","protected":false},"author":5,"featured_media":5823,"comment_status":"closed","ping_status":"closed","sticky":false,"template":"","format":"standard","meta":{"_kad_post_transparent":"","_kad_post_title":"","_kad_post_layout":"","_kad_post_sidebar_id":"","_kad_post_content_style":"","_kad_post_vertical_padding":"","_kad_post_feature":"","_kad_post_feature_position":"","_kad_post_header":false,"_kad_post_footer":false,"footnotes":""},"categories":[15,3],"tags":[],"class_list":["post-4305","post","type-post","status-publish","format-standard","has-post-thumbnail","hentry","category-15","category-noticias"],"_links":{"self":[{"href":"https:\/\/www.emco.mil.cl\/index.php\/wp-json\/wp\/v2\/posts\/4305","targetHints":{"allow":["GET"]}}],"collection":[{"href":"https:\/\/www.emco.mil.cl\/index.php\/wp-json\/wp\/v2\/posts"}],"about":[{"href":"https:\/\/www.emco.mil.cl\/index.php\/wp-json\/wp\/v2\/types\/post"}],"author":[{"embeddable":true,"href":"https:\/\/www.emco.mil.cl\/index.php\/wp-json\/wp\/v2\/users\/5"}],"replies":[{"embeddable":true,"href":"https:\/\/www.emco.mil.cl\/index.php\/wp-json\/wp\/v2\/comments?post=4305"}],"version-history":[{"count":1,"href":"https:\/\/www.emco.mil.cl\/index.php\/wp-json\/wp\/v2\/posts\/4305\/revisions"}],"predecessor-version":[{"id":5996,"href":"https:\/\/www.emco.mil.cl\/index.php\/wp-json\/wp\/v2\/posts\/4305\/revisions\/5996"}],"wp:featuredmedia":[{"embeddable":true,"href":"https:\/\/www.emco.mil.cl\/index.php\/wp-json\/wp\/v2\/media\/5823"}],"wp:attachment":[{"href":"https:\/\/www.emco.mil.cl\/index.php\/wp-json\/wp\/v2\/media?parent=4305"}],"wp:term":[{"taxonomy":"category","embeddable":true,"href":"https:\/\/www.emco.mil.cl\/index.php\/wp-json\/wp\/v2\/categories?post=4305"},{"taxonomy":"post_tag","embeddable":true,"href":"https:\/\/www.emco.mil.cl\/index.php\/wp-json\/wp\/v2\/tags?post=4305"}],"curies":[{"name":"wp","href":"https:\/\/api.w.org\/{rel}","templated":true}]}}