{"id":4290,"date":"2018-12-27T15:20:58","date_gmt":"2018-12-27T15:20:58","guid":{"rendered":"http:\/\/www.emco.mil.cl\/?p=4290"},"modified":"2021-09-28T14:22:18","modified_gmt":"2021-09-28T17:22:18","slug":"despliegue-oficial-fach-a-mision-de-paz-en-india-pakistan","status":"publish","type":"post","link":"https:\/\/www.emco.mil.cl\/index.php\/2018\/12\/27\/despliegue-oficial-fach-a-mision-de-paz-en-india-pakistan\/","title":{"rendered":"Despliegue Oficial FACh a misi\u00f3n de paz en India \u2013 Pakist\u00e1n"},"content":{"rendered":"<p><span style=\"font-size: 10pt;\">En dependencias de la Direcci\u00f3n de Operaciones y Conducci\u00f3n Conjunta (DOPCON) del Estado Mayor Conjunto, el Coronel Marcelo Montesinos De Ugarte reuni\u00f3 y despidi\u00f3 al efectivo que viajar\u00e1 en representaci\u00f3n de nuestro pa\u00eds, a integrarse a la Misi\u00f3n de Paz en India y Pakist\u00e1n.<\/span><\/p>\n<p><a href=\"https:\/\/www.emco.mil.cl\/wp-content\/uploads\/DSC_7374_cuerpo-web.jpg\"><img fetchpriority=\"high\" decoding=\"async\" class=\"aligncenter wp-image-4291\" src=\"https:\/\/www.emco.mil.cl\/wp-content\/uploads\/DSC_7374_cuerpo-web-494x330.jpg\" alt=\"DSC_7374_cuerpo-web\" width=\"620\" height=\"414\"><\/a><\/p>\n<p><span style=\"font-size: 10pt;\">El Comandante de Escuadrilla (TI) Felipe Mu\u00f1oz Uribe, de la Fuerza A\u00e9rea de Chile, se desempe\u00f1ar\u00e1 por 12 meses como Observador Militar de los acontecimientos de la frontera entre los pa\u00edses de India y Pakist\u00e1n donde viajar\u00e1 el 4 de enero a relevar al Comandante de Escuadrilla Pablo Varela, Oficial de la Fuerza A\u00e9rea, en el Grupo de Observadores Militares de las Naciones Unidas (UNMOGIP).<\/span><\/p>\n<p><span style=\"font-size: 10pt;\"><strong><em>\u201cQuiero poder aportar con un granito de arena para que la misi\u00f3n se cumpla con \u00e9xito y que mis conocimientos ayuden, ya que mi rama es de telecomunicaciones&nbsp; e inform\u00e1tica. Y obviamente, representar al pa\u00eds y adquirir experiencia en todo lo que tiene relaci\u00f3n al trabajo de las Naciones Unidas en misiones de paz\u201d,<\/em><\/strong> coment\u00f3 el CDE. Mu\u00f1oz.<a href=\"https:\/\/www.emco.mil.cl\/wp-content\/uploads\/DSC_7374_cuerpo-web.jpg\"><br \/>\n<\/a><\/span> <a href=\"https:\/\/www.emco.mil.cl\/wp-content\/uploads\/DSC_7374_portada-web.jpg\"><br \/>\n<\/a> <a href=\"https:\/\/www.emco.mil.cl\/wp-content\/uploads\/DSC_7379_cuerpo-web.jpg\"><img decoding=\"async\" class=\"aligncenter wp-image-4293\" src=\"https:\/\/www.emco.mil.cl\/wp-content\/uploads\/DSC_7379_cuerpo-web.jpg\" alt=\"DSC_7379_cuerpo-web\" width=\"620\" height=\"414\"><\/a><\/p>\n<p><span style=\"font-size: 10pt;\">Chile contribuye a esta misi\u00f3n con un Oficial de Ej\u00e9rcito y uno de la Fuerza A\u00e9rea, quienes supervisan el alto al fuego acordado entre la India y Pakist\u00e1n, desplaz\u00e1ndose en las diferentes estaciones a lo largo de la L\u00ednea de Control.<\/span><\/p>\n","protected":false},"excerpt":{"rendered":"<p>En dependencias de la Direcci\u00f3n de Operaciones y Conducci\u00f3n Conjunta (DOPCON) del Estado Mayor Conjunto, el Coronel Marcelo Montesinos De Ugarte reuni\u00f3 y despidi\u00f3 al efectivo que viajar\u00e1 en representaci\u00f3n de nuestro pa\u00eds, a integrarse a la Misi\u00f3n de Paz en India y Pakist\u00e1n. El Comandante de Escuadrilla (TI) Felipe Mu\u00f1oz Uribe, de la Fuerza&#8230;<\/p>\n","protected":false},"author":4,"featured_media":5823,"comment_status":"closed","ping_status":"closed","sticky":false,"template":"","format":"standard","meta":{"_kad_post_transparent":"","_kad_post_title":"","_kad_post_layout":"","_kad_post_sidebar_id":"","_kad_post_content_style":"","_kad_post_vertical_padding":"","_kad_post_feature":"","_kad_post_feature_position":"","_kad_post_header":false,"_kad_post_footer":false,"footnotes":""},"categories":[17,3],"tags":[],"class_list":["post-4290","post","type-post","status-publish","format-standard","has-post-thumbnail","hentry","category-17","category-noticias"],"_links":{"self":[{"href":"https:\/\/www.emco.mil.cl\/index.php\/wp-json\/wp\/v2\/posts\/4290","targetHints":{"allow":["GET"]}}],"collection":[{"href":"https:\/\/www.emco.mil.cl\/index.php\/wp-json\/wp\/v2\/posts"}],"about":[{"href":"https:\/\/www.emco.mil.cl\/index.php\/wp-json\/wp\/v2\/types\/post"}],"author":[{"embeddable":true,"href":"https:\/\/www.emco.mil.cl\/index.php\/wp-json\/wp\/v2\/users\/4"}],"replies":[{"embeddable":true,"href":"https:\/\/www.emco.mil.cl\/index.php\/wp-json\/wp\/v2\/comments?post=4290"}],"version-history":[{"count":1,"href":"https:\/\/www.emco.mil.cl\/index.php\/wp-json\/wp\/v2\/posts\/4290\/revisions"}],"predecessor-version":[{"id":6010,"href":"https:\/\/www.emco.mil.cl\/index.php\/wp-json\/wp\/v2\/posts\/4290\/revisions\/6010"}],"wp:featuredmedia":[{"embeddable":true,"href":"https:\/\/www.emco.mil.cl\/index.php\/wp-json\/wp\/v2\/media\/5823"}],"wp:attachment":[{"href":"https:\/\/www.emco.mil.cl\/index.php\/wp-json\/wp\/v2\/media?parent=4290"}],"wp:term":[{"taxonomy":"category","embeddable":true,"href":"https:\/\/www.emco.mil.cl\/index.php\/wp-json\/wp\/v2\/categories?post=4290"},{"taxonomy":"post_tag","embeddable":true,"href":"https:\/\/www.emco.mil.cl\/index.php\/wp-json\/wp\/v2\/tags?post=4290"}],"curies":[{"name":"wp","href":"https:\/\/api.w.org\/{rel}","templated":true}]}}