{"id":4277,"date":"2018-12-20T19:11:30","date_gmt":"2018-12-20T19:11:30","guid":{"rendered":"http:\/\/www.emco.mil.cl\/?p=4277"},"modified":"2021-09-28T14:23:22","modified_gmt":"2021-09-28T17:23:22","slug":"jefe-del-estado-mayor-conjunto-presenta-saludo-protocolar-al-vicepresidente-del-senado","status":"publish","type":"post","link":"https:\/\/www.emco.mil.cl\/index.php\/2018\/12\/20\/jefe-del-estado-mayor-conjunto-presenta-saludo-protocolar-al-vicepresidente-del-senado\/","title":{"rendered":"Jefe del Estado Mayor Conjunto presenta saludo protocolar al Vicepresidente del Senado"},"content":{"rendered":"<p><span style=\"font-size: 10pt;\">En dependencias Ex Congreso Nacional, el Jefe del Estado Mayor Conjunto, Vicealmirante Rodrigo \u00c1lvarez Aguirre, present\u00f3 sus saludos protocolares al Vicepresidente del Senado, senador Carlos Bianchi Chelech, como parte del inicio de su gesti\u00f3n al mando del Estado Mayor Conjunto, tras haber sido designado por el Presidente de la Rep\u00fablica, Sebasti\u00e1n Pi\u00f1era Echenique.<\/span><\/p>\n<p><a href=\"https:\/\/www.emco.mil.cl\/wp-content\/uploads\/1-53.jpg\"><img fetchpriority=\"high\" decoding=\"async\" class=\"aligncenter size-full wp-image-4278\" src=\"https:\/\/www.emco.mil.cl\/wp-content\/uploads\/1-53.jpg\" alt=\"1\" width=\"620\" height=\"413\"><\/a><\/p>\n<p><a href=\"https:\/\/www.emco.mil.cl\/wp-content\/uploads\/2-53.jpg\"><img decoding=\"async\" class=\"aligncenter size-full wp-image-4279\" src=\"https:\/\/www.emco.mil.cl\/wp-content\/uploads\/2-53.jpg\" alt=\"2\" width=\"620\" height=\"413\"><\/a><\/p>\n","protected":false},"excerpt":{"rendered":"<p>En dependencias Ex Congreso Nacional, el Jefe del Estado Mayor Conjunto, Vicealmirante Rodrigo \u00c1lvarez Aguirre, present\u00f3 sus saludos protocolares al Vicepresidente del Senado, senador Carlos Bianchi Chelech, como parte del inicio de su gesti\u00f3n al mando del Estado Mayor Conjunto, tras haber sido designado por el Presidente de la Rep\u00fablica, Sebasti\u00e1n Pi\u00f1era Echenique.<\/p>\n","protected":false},"author":6,"featured_media":5823,"comment_status":"closed","ping_status":"closed","sticky":false,"template":"","format":"standard","meta":{"_kad_post_transparent":"","_kad_post_title":"","_kad_post_layout":"","_kad_post_sidebar_id":"","_kad_post_content_style":"","_kad_post_vertical_padding":"","_kad_post_feature":"","_kad_post_feature_position":"","_kad_post_header":false,"_kad_post_footer":false,"footnotes":""},"categories":[17,3],"tags":[],"class_list":["post-4277","post","type-post","status-publish","format-standard","has-post-thumbnail","hentry","category-17","category-noticias"],"_links":{"self":[{"href":"https:\/\/www.emco.mil.cl\/index.php\/wp-json\/wp\/v2\/posts\/4277","targetHints":{"allow":["GET"]}}],"collection":[{"href":"https:\/\/www.emco.mil.cl\/index.php\/wp-json\/wp\/v2\/posts"}],"about":[{"href":"https:\/\/www.emco.mil.cl\/index.php\/wp-json\/wp\/v2\/types\/post"}],"author":[{"embeddable":true,"href":"https:\/\/www.emco.mil.cl\/index.php\/wp-json\/wp\/v2\/users\/6"}],"replies":[{"embeddable":true,"href":"https:\/\/www.emco.mil.cl\/index.php\/wp-json\/wp\/v2\/comments?post=4277"}],"version-history":[{"count":1,"href":"https:\/\/www.emco.mil.cl\/index.php\/wp-json\/wp\/v2\/posts\/4277\/revisions"}],"predecessor-version":[{"id":6011,"href":"https:\/\/www.emco.mil.cl\/index.php\/wp-json\/wp\/v2\/posts\/4277\/revisions\/6011"}],"wp:featuredmedia":[{"embeddable":true,"href":"https:\/\/www.emco.mil.cl\/index.php\/wp-json\/wp\/v2\/media\/5823"}],"wp:attachment":[{"href":"https:\/\/www.emco.mil.cl\/index.php\/wp-json\/wp\/v2\/media?parent=4277"}],"wp:term":[{"taxonomy":"category","embeddable":true,"href":"https:\/\/www.emco.mil.cl\/index.php\/wp-json\/wp\/v2\/categories?post=4277"},{"taxonomy":"post_tag","embeddable":true,"href":"https:\/\/www.emco.mil.cl\/index.php\/wp-json\/wp\/v2\/tags?post=4277"}],"curies":[{"name":"wp","href":"https:\/\/api.w.org\/{rel}","templated":true}]}}