{"id":4268,"date":"2018-12-20T17:33:35","date_gmt":"2018-12-20T17:33:35","guid":{"rendered":"http:\/\/www.emco.mil.cl\/?p=4268"},"modified":"2021-09-28T14:23:49","modified_gmt":"2021-09-28T17:23:49","slug":"condecoracion-de-contingente-chileno-en-bosnia","status":"publish","type":"post","link":"https:\/\/www.emco.mil.cl\/index.php\/2018\/12\/20\/condecoracion-de-contingente-chileno-en-bosnia\/","title":{"rendered":"Condecoraci\u00f3n al Contingente chileno en misi\u00f3n de paz en Bosnia y Herzegovina"},"content":{"rendered":"<p><span style=\"font-size: 10pt;\">Este 18 de diciembre, en Camp Butmir, Sarajevo, se llev\u00f3 a cabo la ceremonia \u201cMedal Parade\u201d, en donde se condecor\u00f3 a 45 integrantes de diferentes nacionalidades de la Misi\u00f3n de Paz en Bosnia y Herzegovina, entre ellos 14 integrantes del contingente chilenos a quienes se les otorg\u00f3 la medalla misi\u00f3n EUFOR OP ALTHEA.<\/span><\/p>\n<p><a href=\"https:\/\/www.emco.mil.cl\/wp-content\/uploads\/1-52.jpg\"><img fetchpriority=\"high\" decoding=\"async\" class=\"aligncenter size-full wp-image-4269\" src=\"https:\/\/www.emco.mil.cl\/wp-content\/uploads\/1-52.jpg\" alt=\"1\" width=\"620\" height=\"413\"><\/a><\/p>\n<p><a href=\"https:\/\/www.emco.mil.cl\/wp-content\/uploads\/4-6.jpg\"><img decoding=\"async\" class=\"aligncenter size-full wp-image-4271\" src=\"https:\/\/www.emco.mil.cl\/wp-content\/uploads\/4-6.jpg\" alt=\"4\" width=\"620\" height=\"413\"><\/a><\/p>\n<p><a href=\"https:\/\/www.emco.mil.cl\/wp-content\/uploads\/2-52.jpg\"><img decoding=\"async\" class=\"aligncenter size-full wp-image-4270\" src=\"https:\/\/www.emco.mil.cl\/wp-content\/uploads\/2-52.jpg\" alt=\"2\" width=\"620\" height=\"413\"><\/a><\/p>\n<p><span style=\"font-size: 10pt;\">La ceremonia fue presidida por el Comandante de EUFOR, Mayor General del Ej\u00e9rcito Austriaco, Martin Dorfer, quien se refiri\u00f3 al sobresaliente trabajo que se realiza en esta zona de los Balcanes y al esfuerzo y profesionalismo de todos los integrantes de la misi\u00f3n en aras de la paz.<\/span><\/p>\n<p><a href=\"https:\/\/www.emco.mil.cl\/wp-content\/uploads\/3-30.jpg\"><img loading=\"lazy\" decoding=\"async\" class=\"aligncenter size-full wp-image-4272\" src=\"https:\/\/www.emco.mil.cl\/wp-content\/uploads\/3-30.jpg\" alt=\"3\" width=\"620\" height=\"413\"><\/a><\/p>\n<p><a href=\"https:\/\/www.emco.mil.cl\/wp-content\/uploads\/FOTO-GRUPAL-CON-EL-COM-EUFOR.jpg\"><img loading=\"lazy\" decoding=\"async\" class=\"aligncenter size-full wp-image-4273\" src=\"https:\/\/www.emco.mil.cl\/wp-content\/uploads\/FOTO-GRUPAL-CON-EL-COM-EUFOR.jpg\" alt=\"FOTO GRUPAL CON EL COM EUFOR\" width=\"1550\" height=\"620\"><\/a><\/p>\n","protected":false},"excerpt":{"rendered":"<p>Este 18 de diciembre, en Camp Butmir, Sarajevo, se llev\u00f3 a cabo la ceremonia \u201cMedal Parade\u201d, en donde se condecor\u00f3 a 45 integrantes de diferentes nacionalidades de la Misi\u00f3n de Paz en Bosnia y Herzegovina, entre ellos 14 integrantes del contingente chilenos a quienes se les otorg\u00f3 la medalla misi\u00f3n EUFOR OP ALTHEA. La ceremonia&#8230;<\/p>\n","protected":false},"author":6,"featured_media":5823,"comment_status":"closed","ping_status":"closed","sticky":false,"template":"","format":"standard","meta":{"_kad_post_transparent":"","_kad_post_title":"","_kad_post_layout":"","_kad_post_sidebar_id":"","_kad_post_content_style":"","_kad_post_vertical_padding":"","_kad_post_feature":"","_kad_post_feature_position":"","_kad_post_header":false,"_kad_post_footer":false,"footnotes":""},"categories":[17,3],"tags":[],"class_list":["post-4268","post","type-post","status-publish","format-standard","has-post-thumbnail","hentry","category-17","category-noticias"],"_links":{"self":[{"href":"https:\/\/www.emco.mil.cl\/index.php\/wp-json\/wp\/v2\/posts\/4268","targetHints":{"allow":["GET"]}}],"collection":[{"href":"https:\/\/www.emco.mil.cl\/index.php\/wp-json\/wp\/v2\/posts"}],"about":[{"href":"https:\/\/www.emco.mil.cl\/index.php\/wp-json\/wp\/v2\/types\/post"}],"author":[{"embeddable":true,"href":"https:\/\/www.emco.mil.cl\/index.php\/wp-json\/wp\/v2\/users\/6"}],"replies":[{"embeddable":true,"href":"https:\/\/www.emco.mil.cl\/index.php\/wp-json\/wp\/v2\/comments?post=4268"}],"version-history":[{"count":1,"href":"https:\/\/www.emco.mil.cl\/index.php\/wp-json\/wp\/v2\/posts\/4268\/revisions"}],"predecessor-version":[{"id":6012,"href":"https:\/\/www.emco.mil.cl\/index.php\/wp-json\/wp\/v2\/posts\/4268\/revisions\/6012"}],"wp:featuredmedia":[{"embeddable":true,"href":"https:\/\/www.emco.mil.cl\/index.php\/wp-json\/wp\/v2\/media\/5823"}],"wp:attachment":[{"href":"https:\/\/www.emco.mil.cl\/index.php\/wp-json\/wp\/v2\/media?parent=4268"}],"wp:term":[{"taxonomy":"category","embeddable":true,"href":"https:\/\/www.emco.mil.cl\/index.php\/wp-json\/wp\/v2\/categories?post=4268"},{"taxonomy":"post_tag","embeddable":true,"href":"https:\/\/www.emco.mil.cl\/index.php\/wp-json\/wp\/v2\/tags?post=4268"}],"curies":[{"name":"wp","href":"https:\/\/api.w.org\/{rel}","templated":true}]}}